{"id":13748,"date":"2016-07-22T20:58:03","date_gmt":"2016-07-22T18:58:03","guid":{"rendered":"http:\/\/www.djk-erlangen.de\/fussball\/?p=13748"},"modified":"2016-07-23T16:29:35","modified_gmt":"2016-07-23T14:29:35","slug":"djk-sommercup-2016-u11u10-samstag-23-07","status":"publish","type":"post","link":"https:\/\/www.djk-erlangen.de\/fussball\/?p=13748","title":{"rendered":"DJK Sommercup 2016 U11\/U10 &#8211; Samstag 23.07."},"content":{"rendered":"<p>Am Samstag den 23.07.2016 findet auch dieses Jahr wieder der DJK Sommercup statt.<\/p>\n<p><strong>Es gibt zwei U11\/U10 Turniere:<\/strong><\/p>\n<p>E2 Junioren von 10:00 bis 13:30 Uhr<\/p>\n<p>E1 Junioren von 16:00 bis 20:30 Uhr<\/p>\n<p><strong>Teilnehmende Mannschaften:<\/strong><\/p>\n<p>SC Eltersdorf, SpVgg Erlangen I + II, SV Bubenreuth, SV Tennenlohe, SK Lauf,<\/p>\n<p>ASV Niederndorf, TSV Neunkirchen, Spvgg He\u00dfdorf, Post N\u00fcrnberg, Hammerbacher SV,<\/p>\n<p>ASV\/FC Herzogenaurauch, ASV M\u00f6hrendorf, TSV R\u00f6thenbach und DJK Erlangen I &#8211; III<\/p>\n<p><strong>Kulinarische Angebote:<\/strong><\/p>\n<ul>\n<li>Kaffee und Kuchen<\/li>\n<li>Bratw\u00fcrste und Steaks<\/li>\n<li>original Th\u00fcringer Bratw\u00fcrste<\/li>\n<li>ungarischer Kesselgulasch<\/li>\n<li>Butterbretzeln<\/li>\n<li>und vieles mehr<\/li>\n<\/ul>\n<p><span style=\"color: #008000;\"><em><strong>\u00dcber zahlreiche und gutgelaunte G\u00e4ste w\u00fcrden sich die jungen Nachwuchskicker sicherlich freuen.<\/strong> <\/em><\/span><\/p>\n<p>F\u00fcr die musikalische Unterhaltung sorgt wieder die Gruppe &#8222;Ton und Technik&#8220; vom ASG!<\/p>\n<p>&nbsp;<\/p>\n","protected":false},"excerpt":{"rendered":"<p>Am Samstag den 23.07.2016 findet auch dieses Jahr wieder der DJK Sommercup statt. Es gibt zwei U11\/U10 Turniere: E2 Junioren von 10:00 bis 13:30 Uhr E1 Junioren von 16:00 bis 20:30 Uhr Teilnehmende Mannschaften: SC Eltersdorf, SpVgg Erlangen I + &hellip; <a href=\"https:\/\/www.djk-erlangen.de\/fussball\/?p=13748\">Weiterlesen <span class=\"meta-nav\">&rarr;<\/span><\/a><\/p>\n","protected":false},"author":36,"featured_media":0,"comment_status":"open","ping_status":"closed","sticky":false,"template":"","format":"standard","meta":{"jetpack_post_was_ever_published":false,"_jetpack_newsletter_access":"","_jetpack_dont_email_post_to_subs":false,"_jetpack_newsletter_tier_id":0,"_jetpack_memberships_contains_paywalled_content":false,"_jetpack_memberships_contains_paid_content":false,"footnotes":"","jetpack_publicize_message":"","jetpack_publicize_feature_enabled":true,"jetpack_social_post_already_shared":true,"jetpack_social_options":{"image_generator_settings":{"template":"highway","default_image_id":0,"font":"","enabled":false},"version":2}},"categories":[1,8,26,34,35,41],"tags":[],"class_list":["post-13748","post","type-post","status-publish","format-standard","hentry","category-allgemein","category-u11-e1","category-u11-e2","category-u13-d1","category-u13-d2","category-u13-d3"],"jetpack_publicize_connections":[],"jetpack_featured_media_url":"","jetpack_shortlink":"https:\/\/wp.me\/p2ZUr0-3zK","jetpack_sharing_enabled":true,"_links":{"self":[{"href":"https:\/\/www.djk-erlangen.de\/fussball\/index.php?rest_route=\/wp\/v2\/posts\/13748","targetHints":{"allow":["GET"]}}],"collection":[{"href":"https:\/\/www.djk-erlangen.de\/fussball\/index.php?rest_route=\/wp\/v2\/posts"}],"about":[{"href":"https:\/\/www.djk-erlangen.de\/fussball\/index.php?rest_route=\/wp\/v2\/types\/post"}],"author":[{"embeddable":true,"href":"https:\/\/www.djk-erlangen.de\/fussball\/index.php?rest_route=\/wp\/v2\/users\/36"}],"replies":[{"embeddable":true,"href":"https:\/\/www.djk-erlangen.de\/fussball\/index.php?rest_route=%2Fwp%2Fv2%2Fcomments&post=13748"}],"version-history":[{"count":6,"href":"https:\/\/www.djk-erlangen.de\/fussball\/index.php?rest_route=\/wp\/v2\/posts\/13748\/revisions"}],"predecessor-version":[{"id":13754,"href":"https:\/\/www.djk-erlangen.de\/fussball\/index.php?rest_route=\/wp\/v2\/posts\/13748\/revisions\/13754"}],"wp:attachment":[{"href":"https:\/\/www.djk-erlangen.de\/fussball\/index.php?rest_route=%2Fwp%2Fv2%2Fmedia&parent=13748"}],"wp:term":[{"taxonomy":"category","embeddable":true,"href":"https:\/\/www.djk-erlangen.de\/fussball\/index.php?rest_route=%2Fwp%2Fv2%2Fcategories&post=13748"},{"taxonomy":"post_tag","embeddable":true,"href":"https:\/\/www.djk-erlangen.de\/fussball\/index.php?rest_route=%2Fwp%2Fv2%2Ftags&post=13748"}],"curies":[{"name":"wp","href":"https:\/\/api.w.org\/{rel}","templated":true}]}}