{"id":13693,"date":"2016-06-18T17:14:14","date_gmt":"2016-06-18T15:14:14","guid":{"rendered":"http:\/\/www.djk-erlangen.de\/fussball\/?p=13693"},"modified":"2016-06-18T17:15:45","modified_gmt":"2016-06-18T15:15:45","slug":"c-1beste-saisonleistung-zum-abschluss","status":"publish","type":"post","link":"https:\/\/www.djk-erlangen.de\/fussball\/?p=13693","title":{"rendered":"C-1beste Saisonleistung zum Abschlu\u00df"},"content":{"rendered":"<p>Der letzte Spieltag der Qualirunde f\u00fchrte die Jungs der C-1 nach Uehlfeld. Nachdem man vergangene Woche 3 Punkte am gr\u00fcnen Tisch gewonnen hatte, sollte heute noch ein vers\u00f6hnlicher Saisonabschluss stattfinden.<br \/>\nMit Spielbeginn dr\u00e4ngten die Hausherren auf eine schnelle F\u00fchrung, jedoch stand unsere Defensive heute wieder richtig sattelfest und konnte den Sturmlauf der Uehlfelder vorerst unterbinden.<\/p>\n<p><!--more--><\/p>\n<p>Im Verlauf der Begegnung erarbeiteten wir uns immer mehr Feldvorteile und kamen auch \u00fcber unseren pfeilschnellen B\u00fcffel immer wieder gef\u00e4hrlich vor das Geh\u00e4use der Hausherren. In der 25. Spielminute wurde Nico unsanft vom Ball getrennt und wir bekamen einen Freisto\u00df zugesprochen. Unser &#8222;Capitano&#8220; schnappte sich die Kugel und zimmerte diese aus gut 25 Metern direkt unter die Latte zur umjubelten F\u00fchrung f\u00fcr die Wiesenwegbuben. In Gedanken war man wahrscheinlich schon in der Halbzeitpause, &#8211; anders kann man den Blackout nicht erkl\u00e4ren- denn die Hausherren kamen aus dem Nichts zum Ausgleich.<\/p>\n<p>Im zweiten Spielabschnitt kassierten wir, weil zu fahrl\u00e4ssig, gleich den n\u00e4chsten Gegentreffer den unser B\u00fcffel jedoch nach einer sch\u00f6nen Einzelleistung postwendend kompensieren konnte. Die Jungs dr\u00e4ngten auf eine erneute F\u00fchrung und verga\u00dfen im Offensivdrang die Defensive nicht g\u00e4nzlich auf zu geben. So kamen die Hausherren \u00fcber einen schnellen Konter \u00fcber die rechte Seite zur erneuten F\u00fchrung, die wiederum wenige Minuten sp\u00e4ter von Daniel egalisiert wurde. Leider mu\u00dften wir kurz vor Schlu\u00df noch einen weiteren Treffer hinnehmen. So beendete man eine irgendwie komische Saison ohne einen einzig erspielten Sieg als Schlusslicht der Tabelle.<\/p>\n<p>Jetzt hei\u00dft es f\u00fcr das neue Trainerteam \u00fcber den Sommer eine schlagkr\u00e4ftige Mannschaft zusammen zu stellen um diesen Ausrutscher vergessen zu lassen.<\/p>\n<p>DJK Aufgebot:<br \/>\nLuis; Nils; Daniel; Alex; Oliver; Lorenz; Konstantin; Benedikt; Manu; Nico; Timm, Flo; Lasse; Sebastian<\/p>\n<p>Tore:<br \/>\nBenedikt (1) Daniel (1) Oliver (1)<\/p>\n","protected":false},"excerpt":{"rendered":"<p>Der letzte Spieltag der Qualirunde f\u00fchrte die Jungs der C-1 nach Uehlfeld. Nachdem man vergangene Woche 3 Punkte am gr\u00fcnen Tisch gewonnen hatte, sollte heute noch ein vers\u00f6hnlicher Saisonabschluss stattfinden. Mit Spielbeginn dr\u00e4ngten die Hausherren auf eine schnelle F\u00fchrung, jedoch &hellip; <a href=\"https:\/\/www.djk-erlangen.de\/fussball\/?p=13693\">Weiterlesen <span class=\"meta-nav\">&rarr;<\/span><\/a><\/p>\n","protected":false},"author":32,"featured_media":0,"comment_status":"open","ping_status":"closed","sticky":false,"template":"","format":"standard","meta":{"jetpack_post_was_ever_published":false,"_jetpack_newsletter_access":"","_jetpack_dont_email_post_to_subs":false,"_jetpack_newsletter_tier_id":0,"_jetpack_memberships_contains_paywalled_content":false,"_jetpack_memberships_contains_paid_content":false,"footnotes":"","jetpack_publicize_message":"","jetpack_publicize_feature_enabled":true,"jetpack_social_post_already_shared":true,"jetpack_social_options":{"image_generator_settings":{"template":"highway","default_image_id":0,"font":"","enabled":false},"version":2}},"categories":[1,45],"tags":[],"class_list":["post-13693","post","type-post","status-publish","format-standard","hentry","category-allgemein","category-u15-c1"],"jetpack_publicize_connections":[],"jetpack_featured_media_url":"","jetpack_shortlink":"https:\/\/wp.me\/p2ZUr0-3yR","jetpack_sharing_enabled":true,"_links":{"self":[{"href":"https:\/\/www.djk-erlangen.de\/fussball\/index.php?rest_route=\/wp\/v2\/posts\/13693","targetHints":{"allow":["GET"]}}],"collection":[{"href":"https:\/\/www.djk-erlangen.de\/fussball\/index.php?rest_route=\/wp\/v2\/posts"}],"about":[{"href":"https:\/\/www.djk-erlangen.de\/fussball\/index.php?rest_route=\/wp\/v2\/types\/post"}],"author":[{"embeddable":true,"href":"https:\/\/www.djk-erlangen.de\/fussball\/index.php?rest_route=\/wp\/v2\/users\/32"}],"replies":[{"embeddable":true,"href":"https:\/\/www.djk-erlangen.de\/fussball\/index.php?rest_route=%2Fwp%2Fv2%2Fcomments&post=13693"}],"version-history":[{"count":2,"href":"https:\/\/www.djk-erlangen.de\/fussball\/index.php?rest_route=\/wp\/v2\/posts\/13693\/revisions"}],"predecessor-version":[{"id":13695,"href":"https:\/\/www.djk-erlangen.de\/fussball\/index.php?rest_route=\/wp\/v2\/posts\/13693\/revisions\/13695"}],"wp:attachment":[{"href":"https:\/\/www.djk-erlangen.de\/fussball\/index.php?rest_route=%2Fwp%2Fv2%2Fmedia&parent=13693"}],"wp:term":[{"taxonomy":"category","embeddable":true,"href":"https:\/\/www.djk-erlangen.de\/fussball\/index.php?rest_route=%2Fwp%2Fv2%2Fcategories&post=13693"},{"taxonomy":"post_tag","embeddable":true,"href":"https:\/\/www.djk-erlangen.de\/fussball\/index.php?rest_route=%2Fwp%2Fv2%2Ftags&post=13693"}],"curies":[{"name":"wp","href":"https:\/\/api.w.org\/{rel}","templated":true}]}}