{"id":13679,"date":"2016-06-10T21:13:20","date_gmt":"2016-06-10T19:13:20","guid":{"rendered":"http:\/\/www.djk-erlangen.de\/fussball\/?p=13679"},"modified":"2016-06-10T21:21:43","modified_gmt":"2016-06-10T19:21:43","slug":"wichtige-information","status":"publish","type":"post","link":"https:\/\/www.djk-erlangen.de\/fussball\/?p=13679","title":{"rendered":"+++WICHTIGE INFORMATION+++"},"content":{"rendered":"<p>ab kommenden Montag, 13.06.16 wird unser A-Platz sehr kostspielig aufbereitet! Daher gilt ab diesem Tag eine absolute<br \/>\n<strong>A-PLATZSPERRE<\/strong> bis Mitte Juli!!<\/p>\n<p>Wir bitten Euch noch anstehende Heimspiele auf dem B-Platz durchzuf\u00fchren und den A-Platz f\u00fcr jegliches Spielen, Training usw. NICHT zu benutzen und auch<br \/>\nIgnoranten darauf hinzuweisen und des Platzes zu verweisen!<\/p>\n<p>Die dringend erforderliche Ma\u00dfnahme kann nur dann zu einer Verbesserung des Platzes f\u00fchren, wenn sich alle dran halten. Je l\u00e4nger der Platz Ruhe hat umso<br \/>\nbesser ist es f\u00fcr unseren strapazierten Rasenplatz.<\/p>\n<p>F\u00fcr alle die es noch nicht wissen, wir haben auch einen Rasenplatz im Wiesengrund der f\u00fcr Trainingszwecke genutzt werden kann und soll!!<\/p>\n","protected":false},"excerpt":{"rendered":"<p>ab kommenden Montag, 13.06.16 wird unser A-Platz sehr kostspielig aufbereitet! Daher gilt ab diesem Tag eine absolute A-PLATZSPERRE bis Mitte Juli!! Wir bitten Euch noch anstehende Heimspiele auf dem B-Platz durchzuf\u00fchren und den A-Platz f\u00fcr jegliches Spielen, Training usw. NICHT &hellip; <a href=\"https:\/\/www.djk-erlangen.de\/fussball\/?p=13679\">Weiterlesen <span class=\"meta-nav\">&rarr;<\/span><\/a><\/p>\n","protected":false},"author":2,"featured_media":0,"comment_status":"open","ping_status":"closed","sticky":false,"template":"","format":"standard","meta":{"jetpack_post_was_ever_published":false,"_jetpack_newsletter_access":"","_jetpack_dont_email_post_to_subs":false,"_jetpack_newsletter_tier_id":0,"_jetpack_memberships_contains_paywalled_content":false,"_jetpack_memberships_contains_paid_content":false,"footnotes":"","jetpack_publicize_message":"","jetpack_publicize_feature_enabled":true,"jetpack_social_post_already_shared":true,"jetpack_social_options":{"image_generator_settings":{"template":"highway","default_image_id":0,"font":"","enabled":false},"version":2}},"categories":[4,1,17,18,49,42,43,44,8,26,27,34,35,41,45,13,14,51,37,15,40,36,30,31],"tags":[],"class_list":["post-13679","post","type-post","status-publish","format-standard","hentry","category-ah","category-allgemein","category-herren-1","category-herren-2","category-u10-e3","category-u10-e3-i","category-u10-e3-ii","category-u10-e3-iii","category-u11-e1","category-u11-e2","category-u11-e3","category-u13-d1","category-u13-d2","category-u13-d3","category-u15-c1","category-u19","category-u7","category-u8-f3","category-u8-f3-1","category-u9-f1","category-u9-f2-2","category-u9-f2-i","category-u9-f3-i","category-u9-f3-ii"],"jetpack_publicize_connections":[],"jetpack_featured_media_url":"","jetpack_shortlink":"https:\/\/wp.me\/p2ZUr0-3yD","jetpack_sharing_enabled":true,"_links":{"self":[{"href":"https:\/\/www.djk-erlangen.de\/fussball\/index.php?rest_route=\/wp\/v2\/posts\/13679","targetHints":{"allow":["GET"]}}],"collection":[{"href":"https:\/\/www.djk-erlangen.de\/fussball\/index.php?rest_route=\/wp\/v2\/posts"}],"about":[{"href":"https:\/\/www.djk-erlangen.de\/fussball\/index.php?rest_route=\/wp\/v2\/types\/post"}],"author":[{"embeddable":true,"href":"https:\/\/www.djk-erlangen.de\/fussball\/index.php?rest_route=\/wp\/v2\/users\/2"}],"replies":[{"embeddable":true,"href":"https:\/\/www.djk-erlangen.de\/fussball\/index.php?rest_route=%2Fwp%2Fv2%2Fcomments&post=13679"}],"version-history":[{"count":6,"href":"https:\/\/www.djk-erlangen.de\/fussball\/index.php?rest_route=\/wp\/v2\/posts\/13679\/revisions"}],"predecessor-version":[{"id":13685,"href":"https:\/\/www.djk-erlangen.de\/fussball\/index.php?rest_route=\/wp\/v2\/posts\/13679\/revisions\/13685"}],"wp:attachment":[{"href":"https:\/\/www.djk-erlangen.de\/fussball\/index.php?rest_route=%2Fwp%2Fv2%2Fmedia&parent=13679"}],"wp:term":[{"taxonomy":"category","embeddable":true,"href":"https:\/\/www.djk-erlangen.de\/fussball\/index.php?rest_route=%2Fwp%2Fv2%2Fcategories&post=13679"},{"taxonomy":"post_tag","embeddable":true,"href":"https:\/\/www.djk-erlangen.de\/fussball\/index.php?rest_route=%2Fwp%2Fv2%2Ftags&post=13679"}],"curies":[{"name":"wp","href":"https:\/\/api.w.org\/{rel}","templated":true}]}}