{"id":13670,"date":"2016-06-05T21:03:48","date_gmt":"2016-06-05T19:03:48","guid":{"rendered":"http:\/\/www.djk-erlangen.de\/fussball\/?p=13670"},"modified":"2016-06-05T21:05:28","modified_gmt":"2016-06-05T19:05:28","slug":"c1-gut-gespielt-aber-keine-punkte","status":"publish","type":"post","link":"https:\/\/www.djk-erlangen.de\/fussball\/?p=13670","title":{"rendered":"C1 gut gespielt aber keine Punkte"},"content":{"rendered":"<p>Bei bestem Fu\u00dfballwetter f\u00fchrte uns der Weg am heutigen Spieltag nach Etzelskirchen. Der Trend der letzten Wochen sollte fortgesetzt werden und demensprechend wurde die Mannschaft auch von Matze in der Kabine eingeschworen. Nach einem konzentrierten Aufw\u00e4rmprogramm ging es dann auch schon los.<br \/>\n<!--more--><\/p>\n<p>Von der ersten Spielminute an waren wir im Spiel und aus der Abteiteilung Spielaufbau wurden unsere Spitzen Bendedikt und Luca immer wieder in Szene gesetzt. Leider verletzte sich unser B\u00fcffel nach 10. Spielminuten, soda\u00df unser Interimscoach Matze die erste Neuordnung vornehmen mu\u00dfte.\u00a0 Durch die neue Zuordnung kamen wir etwas ins Schwimmen und mit dem ersten Angriff kamen die Hausherren in der 26. Spielminute zum F\u00fchrungstreffer. Mit zunehmenden Spielverlauf kamen wir wieder besser ins Spiel und hatten auch die eine oder andere Einschu\u00dfm\u00f6glichkeit. Kurz vor der Pause tankte sich der erneut unerm\u00fcdliche Nico auf der Au\u00dfenbahn durch und flankte das Spielger\u00e4t musterg\u00fcltig in den Strafraum. Der Torh\u00fcter der SpVgg untersch\u00e4tze den Ball und Lasse scheiterte v\u00f6llig \u00fcberrascht vor dem leeren Geh\u00e4use. Das war die gro\u00dfe Chance zum Ausgleich kurz vor der Pause.<\/p>\n<p>Mit diesem knappen R\u00fcckstand wurden auch die Seiten gewechselt. Im zweiten Spielabschnitt dr\u00e4ngten wir auf den Ausgleich. Es wurde toller Kombinationsfu\u00dfball gespielt, doch fehlte uns zum Abschlu\u00df der letzte Biss und auch die Kaltschn\u00e4uzigkeit.<br \/>\nGerade unsere ganz jungen Spieler waren es, die immer wieder die Zweik\u00e4mpfe annahmen und das Spiel ankurbelten. Durch eine unerkl\u00e4rliche kaberetistische Einlage von Tim kassierten wir in der 42. Spielminute den zweiten Gegentreffer.\u00a0 Selbst nach diesem Fauxpass steckten die Wiesenwegbuben nicht auf und suchten Ihre Chancen in der Offensive.\u00a0 Immer wieder wurden Luca und Elias durch die Schnittstelle bedient, bekamen aber gegen den robusten Abwehrverbund der Hausherren das Spielger\u00e4t nicht im gegnerischen Geh\u00e4use unter.<\/p>\n<p>Mit zunehmenden Spielverauf hatten wir absolute Feld\u00fcberlegenheit und kamen \u00fcber unsere Achse Daniel, Konstantin, Nico und Luca noch zu einigen Einschu\u00dfm\u00f6glichkeiten. Unser Interimstrainer Matze der heute federf\u00fchrend f\u00fcr die Truppe verantwortlich war, setzte alles auf eine Karte und vorsierte das Offensivspiel. Pressing in der gegnerischen H\u00e4lfte und fr\u00fchzeitig den ersten Ball zu erobern war die Ausrichtung. Dummerweise fingen wir uns wieder eine Konter \u00fcber links, weil man mit den Gedanken eher bei Youtube war als beim Spiel! So ging das Spiel mit 3:0 verloren.<\/p>\n<p>In der kommenden Trainingswoche gilt es wieder, \u00fcber Einsatz und Engagement sich f\u00fcr den 15er Kader am Wochenende\u00a0 zu empfehlen<\/p>\n<p>An dieser Stelle nochmals herzlichen Dank f\u00fcr die Unterst\u00fctzung von Nils, Luca., Nico und Elias aus der D-Jugend welche teilweise ihr 3.tes Spiel absolviert haben. Wir z\u00e4hlen auf Euch, auch in den verbleibenden 2 Spielen! Ihr seit feste St\u00fctzen!<\/p>\n<p>DJK Aufgebot:<br \/>\nLuis; Tim; Daniel, Ali-Alex; Oliver; Lorenz; Konni; Benedikt; Luca; Nico; Elias; Flo; Lasse; Nils; Sebastian<\/p>\n","protected":false},"excerpt":{"rendered":"<p>Bei bestem Fu\u00dfballwetter f\u00fchrte uns der Weg am heutigen Spieltag nach Etzelskirchen. Der Trend der letzten Wochen sollte fortgesetzt werden und demensprechend wurde die Mannschaft auch von Matze in der Kabine eingeschworen. Nach einem konzentrierten Aufw\u00e4rmprogramm ging es dann auch &hellip; <a href=\"https:\/\/www.djk-erlangen.de\/fussball\/?p=13670\">Weiterlesen <span class=\"meta-nav\">&rarr;<\/span><\/a><\/p>\n","protected":false},"author":32,"featured_media":0,"comment_status":"open","ping_status":"closed","sticky":false,"template":"","format":"standard","meta":{"jetpack_post_was_ever_published":false,"_jetpack_newsletter_access":"","_jetpack_dont_email_post_to_subs":false,"_jetpack_newsletter_tier_id":0,"_jetpack_memberships_contains_paywalled_content":false,"_jetpack_memberships_contains_paid_content":false,"footnotes":"","jetpack_publicize_message":"","jetpack_publicize_feature_enabled":true,"jetpack_social_post_already_shared":true,"jetpack_social_options":{"image_generator_settings":{"template":"highway","default_image_id":0,"font":"","enabled":false},"version":2}},"categories":[1,45],"tags":[],"class_list":["post-13670","post","type-post","status-publish","format-standard","hentry","category-allgemein","category-u15-c1"],"jetpack_publicize_connections":[],"jetpack_featured_media_url":"","jetpack_shortlink":"https:\/\/wp.me\/p2ZUr0-3yu","jetpack_sharing_enabled":true,"_links":{"self":[{"href":"https:\/\/www.djk-erlangen.de\/fussball\/index.php?rest_route=\/wp\/v2\/posts\/13670","targetHints":{"allow":["GET"]}}],"collection":[{"href":"https:\/\/www.djk-erlangen.de\/fussball\/index.php?rest_route=\/wp\/v2\/posts"}],"about":[{"href":"https:\/\/www.djk-erlangen.de\/fussball\/index.php?rest_route=\/wp\/v2\/types\/post"}],"author":[{"embeddable":true,"href":"https:\/\/www.djk-erlangen.de\/fussball\/index.php?rest_route=\/wp\/v2\/users\/32"}],"replies":[{"embeddable":true,"href":"https:\/\/www.djk-erlangen.de\/fussball\/index.php?rest_route=%2Fwp%2Fv2%2Fcomments&post=13670"}],"version-history":[{"count":1,"href":"https:\/\/www.djk-erlangen.de\/fussball\/index.php?rest_route=\/wp\/v2\/posts\/13670\/revisions"}],"predecessor-version":[{"id":13671,"href":"https:\/\/www.djk-erlangen.de\/fussball\/index.php?rest_route=\/wp\/v2\/posts\/13670\/revisions\/13671"}],"wp:attachment":[{"href":"https:\/\/www.djk-erlangen.de\/fussball\/index.php?rest_route=%2Fwp%2Fv2%2Fmedia&parent=13670"}],"wp:term":[{"taxonomy":"category","embeddable":true,"href":"https:\/\/www.djk-erlangen.de\/fussball\/index.php?rest_route=%2Fwp%2Fv2%2Fcategories&post=13670"},{"taxonomy":"post_tag","embeddable":true,"href":"https:\/\/www.djk-erlangen.de\/fussball\/index.php?rest_route=%2Fwp%2Fv2%2Ftags&post=13670"}],"curies":[{"name":"wp","href":"https:\/\/api.w.org\/{rel}","templated":true}]}}