{"id":13654,"date":"2016-05-30T21:35:03","date_gmt":"2016-05-30T19:35:03","guid":{"rendered":"http:\/\/www.djk-erlangen.de\/fussball\/?p=13654"},"modified":"2016-05-30T21:35:03","modified_gmt":"2016-05-30T19:35:03","slug":"d3-mannschaft-glueckwunsch-zur-meisterschaft","status":"publish","type":"post","link":"https:\/\/www.djk-erlangen.de\/fussball\/?p=13654","title":{"rendered":"D3 Mannschaft &#8211; Gl\u00fcckwunsch zur Meisterschaft"},"content":{"rendered":"<p><strong>Herzlichen Gl\u00fcckwunsch an die D3 zur vorzeitigen Meisterschaft. Zwei Spieltage vor Schluss und<\/strong><\/p>\n<p><strong>8 Punkte Vorsprung, damit kann ihnen niemand mehr den 1. Platz streitig machen.<\/strong><\/p>\n<p><em><span style=\"color: #000000;\">Wer h\u00e4tte das vor der Saison gedacht, das sich die eigentliche E1 in der h\u00f6heren Altersklasse so<\/span><\/em><\/p>\n<p><em><span style=\"color: #000000;\"> klasse schl\u00e4gt. Sie hat spielerisch, l\u00e4uferisch und k\u00e4mpferisch hervorragenden Fu\u00dfball gezeigt.<\/span><\/em><\/p>\n<p><em><span style=\"color: #000000;\"> Im Laufe der Saison hat sich das Gesicht<\/span> <\/em><span style=\"color: #000080;\"><em><span style=\"color: #000000;\">der Mannschaft etwas ge\u00e4ndert, was f\u00fcr die<\/span><\/em><\/span><\/p>\n<p><span style=\"color: #000080;\"><em><span style=\"color: #000000;\">Mannschaftsentwicklung sehr gut war<\/span>.<\/em><\/span><\/p>\n<p>&nbsp;<\/p>\n<p><span style=\"color: #000080;\"><em><strong>Jungs, unseren Respekt hab ihr und wir sind Stolz ein Teil der Mannschaft zu sein.<\/strong><\/em><\/span><\/p>\n<p><span style=\"color: #000080;\"><em><strong>Gebt weiter so Gas!<\/strong><\/em><\/span><strong><em>\u00a0 &#8212;&gt;\u00a0 <\/em><span style=\"color: #000080;\">Viele Gr\u00fc\u00dfe von eurem Trainerteam!<\/span><\/strong><\/p>\n","protected":false},"excerpt":{"rendered":"<p>Herzlichen Gl\u00fcckwunsch an die D3 zur vorzeitigen Meisterschaft. Zwei Spieltage vor Schluss und 8 Punkte Vorsprung, damit kann ihnen niemand mehr den 1. Platz streitig machen. Wer h\u00e4tte das vor der Saison gedacht, das sich die eigentliche E1 in der &hellip; <a href=\"https:\/\/www.djk-erlangen.de\/fussball\/?p=13654\">Weiterlesen <span class=\"meta-nav\">&rarr;<\/span><\/a><\/p>\n","protected":false},"author":36,"featured_media":0,"comment_status":"open","ping_status":"closed","sticky":false,"template":"","format":"standard","meta":{"jetpack_post_was_ever_published":false,"_jetpack_newsletter_access":"","_jetpack_dont_email_post_to_subs":false,"_jetpack_newsletter_tier_id":0,"_jetpack_memberships_contains_paywalled_content":false,"_jetpack_memberships_contains_paid_content":false,"footnotes":"","jetpack_publicize_message":"","jetpack_publicize_feature_enabled":true,"jetpack_social_post_already_shared":true,"jetpack_social_options":{"image_generator_settings":{"template":"highway","default_image_id":0,"font":"","enabled":false},"version":2}},"categories":[1,47,8,26,27,10,34,35,41],"tags":[],"class_list":["post-13654","post","type-post","status-publish","format-standard","hentry","category-allgemein","category-u11","category-u11-e1","category-u11-e2","category-u11-e3","category-u13","category-u13-d1","category-u13-d2","category-u13-d3"],"jetpack_publicize_connections":[],"jetpack_featured_media_url":"","jetpack_shortlink":"https:\/\/wp.me\/p2ZUr0-3ye","jetpack_sharing_enabled":true,"_links":{"self":[{"href":"https:\/\/www.djk-erlangen.de\/fussball\/index.php?rest_route=\/wp\/v2\/posts\/13654","targetHints":{"allow":["GET"]}}],"collection":[{"href":"https:\/\/www.djk-erlangen.de\/fussball\/index.php?rest_route=\/wp\/v2\/posts"}],"about":[{"href":"https:\/\/www.djk-erlangen.de\/fussball\/index.php?rest_route=\/wp\/v2\/types\/post"}],"author":[{"embeddable":true,"href":"https:\/\/www.djk-erlangen.de\/fussball\/index.php?rest_route=\/wp\/v2\/users\/36"}],"replies":[{"embeddable":true,"href":"https:\/\/www.djk-erlangen.de\/fussball\/index.php?rest_route=%2Fwp%2Fv2%2Fcomments&post=13654"}],"version-history":[{"count":9,"href":"https:\/\/www.djk-erlangen.de\/fussball\/index.php?rest_route=\/wp\/v2\/posts\/13654\/revisions"}],"predecessor-version":[{"id":13663,"href":"https:\/\/www.djk-erlangen.de\/fussball\/index.php?rest_route=\/wp\/v2\/posts\/13654\/revisions\/13663"}],"wp:attachment":[{"href":"https:\/\/www.djk-erlangen.de\/fussball\/index.php?rest_route=%2Fwp%2Fv2%2Fmedia&parent=13654"}],"wp:term":[{"taxonomy":"category","embeddable":true,"href":"https:\/\/www.djk-erlangen.de\/fussball\/index.php?rest_route=%2Fwp%2Fv2%2Fcategories&post=13654"},{"taxonomy":"post_tag","embeddable":true,"href":"https:\/\/www.djk-erlangen.de\/fussball\/index.php?rest_route=%2Fwp%2Fv2%2Ftags&post=13654"}],"curies":[{"name":"wp","href":"https:\/\/api.w.org\/{rel}","templated":true}]}}