{"id":13649,"date":"2016-05-30T20:47:25","date_gmt":"2016-05-30T18:47:25","guid":{"rendered":"http:\/\/www.djk-erlangen.de\/fussball\/?p=13649"},"modified":"2016-05-30T20:47:25","modified_gmt":"2016-05-30T18:47:25","slug":"die-u8-laedt-ein","status":"publish","type":"post","link":"https:\/\/www.djk-erlangen.de\/fussball\/?p=13649","title":{"rendered":"Die U8 l\u00e4dt ein!"},"content":{"rendered":"<p>Hiermit l\u00e4dt die U8 alle Fussball begeisterten zum Freundschaftsspiel gegen die SpVgg Greuther F\u00fcrth ein!<\/p>\n<p>Gespielt wird am 05.06.2016 um 10 Uhr am Gel\u00e4nde der DJK!<\/p>\n<p>F\u00fcr das leibliche Wohl ist ausreichend gesorgt!<\/p>\n<p>Wir freuen uns \u00fcber euer kommen!<strong><\/strong><strong><\/strong><\/p>\n","protected":false},"excerpt":{"rendered":"<p>Hiermit l\u00e4dt die U8 alle Fussball begeisterten zum Freundschaftsspiel gegen die SpVgg Greuther F\u00fcrth ein! Gespielt wird am 05.06.2016 um 10 Uhr am Gel\u00e4nde der DJK! F\u00fcr das leibliche Wohl ist ausreichend gesorgt! Wir freuen uns \u00fcber euer kommen!<\/p>\n","protected":false},"author":47,"featured_media":0,"comment_status":"open","ping_status":"closed","sticky":false,"template":"","format":"standard","meta":{"jetpack_post_was_ever_published":false,"_jetpack_newsletter_access":"","_jetpack_dont_email_post_to_subs":false,"_jetpack_newsletter_tier_id":0,"_jetpack_memberships_contains_paywalled_content":false,"_jetpack_memberships_contains_paid_content":false,"footnotes":"","jetpack_publicize_message":"","jetpack_publicize_feature_enabled":true,"jetpack_social_post_already_shared":true,"jetpack_social_options":{"image_generator_settings":{"template":"highway","default_image_id":0,"font":"","enabled":false},"version":2}},"categories":[1,39],"tags":[],"class_list":["post-13649","post","type-post","status-publish","format-standard","hentry","category-allgemein","category-u8"],"jetpack_publicize_connections":[],"jetpack_featured_media_url":"","jetpack_shortlink":"https:\/\/wp.me\/p2ZUr0-3y9","jetpack_sharing_enabled":true,"_links":{"self":[{"href":"https:\/\/www.djk-erlangen.de\/fussball\/index.php?rest_route=\/wp\/v2\/posts\/13649","targetHints":{"allow":["GET"]}}],"collection":[{"href":"https:\/\/www.djk-erlangen.de\/fussball\/index.php?rest_route=\/wp\/v2\/posts"}],"about":[{"href":"https:\/\/www.djk-erlangen.de\/fussball\/index.php?rest_route=\/wp\/v2\/types\/post"}],"author":[{"embeddable":true,"href":"https:\/\/www.djk-erlangen.de\/fussball\/index.php?rest_route=\/wp\/v2\/users\/47"}],"replies":[{"embeddable":true,"href":"https:\/\/www.djk-erlangen.de\/fussball\/index.php?rest_route=%2Fwp%2Fv2%2Fcomments&post=13649"}],"version-history":[{"count":1,"href":"https:\/\/www.djk-erlangen.de\/fussball\/index.php?rest_route=\/wp\/v2\/posts\/13649\/revisions"}],"predecessor-version":[{"id":13650,"href":"https:\/\/www.djk-erlangen.de\/fussball\/index.php?rest_route=\/wp\/v2\/posts\/13649\/revisions\/13650"}],"wp:attachment":[{"href":"https:\/\/www.djk-erlangen.de\/fussball\/index.php?rest_route=%2Fwp%2Fv2%2Fmedia&parent=13649"}],"wp:term":[{"taxonomy":"category","embeddable":true,"href":"https:\/\/www.djk-erlangen.de\/fussball\/index.php?rest_route=%2Fwp%2Fv2%2Fcategories&post=13649"},{"taxonomy":"post_tag","embeddable":true,"href":"https:\/\/www.djk-erlangen.de\/fussball\/index.php?rest_route=%2Fwp%2Fv2%2Ftags&post=13649"}],"curies":[{"name":"wp","href":"https:\/\/api.w.org\/{rel}","templated":true}]}}