{"id":13643,"date":"2016-05-30T14:26:03","date_gmt":"2016-05-30T12:26:03","guid":{"rendered":"http:\/\/www.djk-erlangen.de\/fussball\/?p=13643"},"modified":"2016-05-30T14:30:20","modified_gmt":"2016-05-30T12:30:20","slug":"die-audi-schanzer-fussballschule-kommt","status":"publish","type":"post","link":"https:\/\/www.djk-erlangen.de\/fussball\/?p=13643","title":{"rendered":"Die AUDI-Schanzer Fu\u00dfballschule kommt"},"content":{"rendered":"<p><img loading=\"lazy\" decoding=\"async\" class=\"alignnone size-medium wp-image-13644\" src=\"http:\/\/www.djk-erlangen.de\/fussball\/wp-content\/uploads\/2016\/05\/Plakate_Erlangen__001-213x300.jpg\" alt=\"Plakate_Erlangen__001\" width=\"213\" height=\"300\" srcset=\"https:\/\/www.djk-erlangen.de\/fussball\/wp-content\/uploads\/2016\/05\/Plakate_Erlangen__001-213x300.jpg 213w, https:\/\/www.djk-erlangen.de\/fussball\/wp-content\/uploads\/2016\/05\/Plakate_Erlangen__001-107x150.jpg 107w, https:\/\/www.djk-erlangen.de\/fussball\/wp-content\/uploads\/2016\/05\/Plakate_Erlangen__001-768x1080.jpg 768w, https:\/\/www.djk-erlangen.de\/fussball\/wp-content\/uploads\/2016\/05\/Plakate_Erlangen__001-728x1024.jpg 728w, https:\/\/www.djk-erlangen.de\/fussball\/wp-content\/uploads\/2016\/05\/Plakate_Erlangen__001.jpg 859w\" sizes=\"auto, (max-width: 213px) 100vw, 213px\" \/><\/p>\n<p>Die DJK Erlangen hat f\u00fcr die Sommerferien ein ganz besonderes Highlight f\u00fcr alle fu\u00dfballbegeisterten Kinder der Jahrg\u00e4nge 2003- 2010 parat.<\/p>\n<p><!--more--><\/p>\n<p>Zusammen mit dem Kooperationspartner, der Audi Schanzer Fu\u00dfballschule vom bayrischen Erstligisten FC Ingolstadt 04, wird ein 5 Tages Fu\u00dfballcamp angeboten.<\/p>\n<p>Die ASF f\u00fchrt Ihre Fu\u00dfballcamps mittlerweile in elf Bundesl\u00e4ndern und 2 zus\u00e4tzlichen L\u00e4ndern erfolgreich durch und geh\u00f6rt damit zu den drei gr\u00f6\u00dften und erfolgsreichsten Vereinsfu\u00dfballschulen Deutschlands.<\/p>\n<p>Vom 05.09. -09.09.16 wird geschossen, gedribbelt und fintiert, was das Zeug h\u00e4lt.<\/p>\n<p>Neben dem professionellen Training erhalten die Kinder eine komplette Adidas- Ausr\u00fcstung, Verpflegung w\u00e4hrend des Tages, eine Trinkflasche, einen Pokal und jede Menge weitere \u00dcberraschungen. Das Preis- Leistungsverh\u00e4ltnis ist top.<\/p>\n<p>Anmeldung und weitere Infos unter www.audi-schanzer-fussballschule.de unter der Rubrik Anmeldung Feriencamp.<\/p>\n<p>&nbsp;<\/p>\n","protected":false},"excerpt":{"rendered":"<p>Die DJK Erlangen hat f\u00fcr die Sommerferien ein ganz besonderes Highlight f\u00fcr alle fu\u00dfballbegeisterten Kinder der Jahrg\u00e4nge 2003- 2010 parat.<\/p>\n","protected":false},"author":2,"featured_media":0,"comment_status":"open","ping_status":"closed","sticky":false,"template":"","format":"standard","meta":{"jetpack_post_was_ever_published":false,"_jetpack_newsletter_access":"","_jetpack_dont_email_post_to_subs":false,"_jetpack_newsletter_tier_id":0,"_jetpack_memberships_contains_paywalled_content":false,"_jetpack_memberships_contains_paid_content":false,"footnotes":"","jetpack_publicize_message":"","jetpack_publicize_feature_enabled":true,"jetpack_social_post_already_shared":true,"jetpack_social_options":{"image_generator_settings":{"template":"highway","default_image_id":0,"font":"","enabled":false},"version":2}},"categories":[49,42,43,44,8,26,27,34,35,41,14,51,15,40,36],"tags":[],"class_list":["post-13643","post","type-post","status-publish","format-standard","hentry","category-u10-e3","category-u10-e3-i","category-u10-e3-ii","category-u10-e3-iii","category-u11-e1","category-u11-e2","category-u11-e3","category-u13-d1","category-u13-d2","category-u13-d3","category-u7","category-u8-f3","category-u9-f1","category-u9-f2-2","category-u9-f2-i"],"jetpack_publicize_connections":[],"jetpack_featured_media_url":"","jetpack_shortlink":"https:\/\/wp.me\/p2ZUr0-3y3","jetpack_sharing_enabled":true,"_links":{"self":[{"href":"https:\/\/www.djk-erlangen.de\/fussball\/index.php?rest_route=\/wp\/v2\/posts\/13643","targetHints":{"allow":["GET"]}}],"collection":[{"href":"https:\/\/www.djk-erlangen.de\/fussball\/index.php?rest_route=\/wp\/v2\/posts"}],"about":[{"href":"https:\/\/www.djk-erlangen.de\/fussball\/index.php?rest_route=\/wp\/v2\/types\/post"}],"author":[{"embeddable":true,"href":"https:\/\/www.djk-erlangen.de\/fussball\/index.php?rest_route=\/wp\/v2\/users\/2"}],"replies":[{"embeddable":true,"href":"https:\/\/www.djk-erlangen.de\/fussball\/index.php?rest_route=%2Fwp%2Fv2%2Fcomments&post=13643"}],"version-history":[{"count":2,"href":"https:\/\/www.djk-erlangen.de\/fussball\/index.php?rest_route=\/wp\/v2\/posts\/13643\/revisions"}],"predecessor-version":[{"id":13647,"href":"https:\/\/www.djk-erlangen.de\/fussball\/index.php?rest_route=\/wp\/v2\/posts\/13643\/revisions\/13647"}],"wp:attachment":[{"href":"https:\/\/www.djk-erlangen.de\/fussball\/index.php?rest_route=%2Fwp%2Fv2%2Fmedia&parent=13643"}],"wp:term":[{"taxonomy":"category","embeddable":true,"href":"https:\/\/www.djk-erlangen.de\/fussball\/index.php?rest_route=%2Fwp%2Fv2%2Fcategories&post=13643"},{"taxonomy":"post_tag","embeddable":true,"href":"https:\/\/www.djk-erlangen.de\/fussball\/index.php?rest_route=%2Fwp%2Fv2%2Ftags&post=13643"}],"curies":[{"name":"wp","href":"https:\/\/api.w.org\/{rel}","templated":true}]}}