{"id":13638,"date":"2016-05-29T13:40:29","date_gmt":"2016-05-29T11:40:29","guid":{"rendered":"http:\/\/www.djk-erlangen.de\/fussball\/?p=13638"},"modified":"2016-05-29T20:24:41","modified_gmt":"2016-05-29T18:24:41","slug":"c-1remis-gegen-den-tabellenzweiten","status":"publish","type":"post","link":"https:\/\/www.djk-erlangen.de\/fussball\/?p=13638","title":{"rendered":"C-1Remis gegen den Tabellenzweiten"},"content":{"rendered":"<p>Am letzten Sonntag der Pfingstferien gastierte der TSV Lonnerstadt am Wiesengrund. Man wollte den Aufw\u00e4rtstrend der vergangenen Wochen fortsetzen und ging nur mit einer leicht ver\u00e4nderten Anfangsformation an den Start.<br \/>\n<!--more--><\/p>\n<p>Unser\u00a0 Interimstrainerduo Patrick Kaiser und Matze Zettner hatten die Truppe wieder gut eingestellt und von Anfang an nahmen wir die Zweik\u00e4mpfe an und versuchten dem Gegner unser Spiel aufzudr\u00fccken. So war es im ersten Spielabschnitt eine mehr als ausgeglichene Partie mit mangelnden Torchancen h\u00fcben wie dr\u00fcben. Immer wieder versuchten wir aus dem Mittelfeld heraus unsere beiden St\u00fcrmer Luca und Benedikt in Szene zu setzen, welche aber gegen die k\u00f6rperlich \u00fcberlegenen Abwehrrecken der Lonnerst\u00e4dter einen schweren Stand hatten.<\/p>\n<p>So wechselte man mit einem torlosen Remis die Seiten. Im zweiten Spielabschnitt kamen wir etwas schwieriger in die Begegnung, da die G\u00e4ste den Druck erh\u00f6hten und sich bei uns teilweise konditonelle Probleme einstellten. Mitte der zweiten Halbzeit kamen\u00a0 wir wieder besser ins Spiel und setzten den Gegner auch unter Druck. Leider konnten wir in unserer st\u00e4rksten Phase des Spiels den finalen Abschlu\u00df nicht erzwingen und so brachten wir uns durch individuelle Fehler fast noch um den Teilerfolg. Kurz vor Schlu\u00df noch mal eine Gro\u00dfchance f\u00fcr die Wiesenwegbuben. Der sehr agile Daniel flankte das Spielger\u00e4t durch die Schnittstelle auf Manu. Dieser konnte wegen seiner fehlenden Spritzigkeit nach 8 Wochen Verletzungspause den Ball leider nicht im gegnerischen Geh\u00e4use unterbringen. So verlies man mit einem torlosen Remis das Sportgel\u00e4nde am Wiesengrund!\u00a0 Unser Trainerduo wird in der kommenden Woche, wenn alle R\u00fcckkehrer wieder ins Training einsteigen richtig Gas geben um den Leistungsanstieg weiter zu forcieren.<\/p>\n<p>DJK Aufgebot:<br \/>\nLuis; Tim; Daniel; Alex; Oliver; Lorenz; Elias; Benedikt; Manu; Nico; Luca; Flo; Jojo; Sebastian<\/p>\n<p>Tore:<br \/>\nFehlanzeige<\/p>\n","protected":false},"excerpt":{"rendered":"<p>Am letzten Sonntag der Pfingstferien gastierte der TSV Lonnerstadt am Wiesengrund. Man wollte den Aufw\u00e4rtstrend der vergangenen Wochen fortsetzen und ging nur mit einer leicht ver\u00e4nderten Anfangsformation an den Start.<\/p>\n","protected":false},"author":32,"featured_media":0,"comment_status":"open","ping_status":"closed","sticky":false,"template":"","format":"standard","meta":{"jetpack_post_was_ever_published":false,"_jetpack_newsletter_access":"","_jetpack_dont_email_post_to_subs":false,"_jetpack_newsletter_tier_id":0,"_jetpack_memberships_contains_paywalled_content":false,"_jetpack_memberships_contains_paid_content":false,"footnotes":"","jetpack_publicize_message":"","jetpack_publicize_feature_enabled":true,"jetpack_social_post_already_shared":true,"jetpack_social_options":{"image_generator_settings":{"template":"highway","default_image_id":0,"font":"","enabled":false},"version":2}},"categories":[1,45],"tags":[],"class_list":["post-13638","post","type-post","status-publish","format-standard","hentry","category-allgemein","category-u15-c1"],"jetpack_publicize_connections":[],"jetpack_featured_media_url":"","jetpack_shortlink":"https:\/\/wp.me\/p2ZUr0-3xY","jetpack_sharing_enabled":true,"_links":{"self":[{"href":"https:\/\/www.djk-erlangen.de\/fussball\/index.php?rest_route=\/wp\/v2\/posts\/13638","targetHints":{"allow":["GET"]}}],"collection":[{"href":"https:\/\/www.djk-erlangen.de\/fussball\/index.php?rest_route=\/wp\/v2\/posts"}],"about":[{"href":"https:\/\/www.djk-erlangen.de\/fussball\/index.php?rest_route=\/wp\/v2\/types\/post"}],"author":[{"embeddable":true,"href":"https:\/\/www.djk-erlangen.de\/fussball\/index.php?rest_route=\/wp\/v2\/users\/32"}],"replies":[{"embeddable":true,"href":"https:\/\/www.djk-erlangen.de\/fussball\/index.php?rest_route=%2Fwp%2Fv2%2Fcomments&post=13638"}],"version-history":[{"count":3,"href":"https:\/\/www.djk-erlangen.de\/fussball\/index.php?rest_route=\/wp\/v2\/posts\/13638\/revisions"}],"predecessor-version":[{"id":13641,"href":"https:\/\/www.djk-erlangen.de\/fussball\/index.php?rest_route=\/wp\/v2\/posts\/13638\/revisions\/13641"}],"wp:attachment":[{"href":"https:\/\/www.djk-erlangen.de\/fussball\/index.php?rest_route=%2Fwp%2Fv2%2Fmedia&parent=13638"}],"wp:term":[{"taxonomy":"category","embeddable":true,"href":"https:\/\/www.djk-erlangen.de\/fussball\/index.php?rest_route=%2Fwp%2Fv2%2Fcategories&post=13638"},{"taxonomy":"post_tag","embeddable":true,"href":"https:\/\/www.djk-erlangen.de\/fussball\/index.php?rest_route=%2Fwp%2Fv2%2Ftags&post=13638"}],"curies":[{"name":"wp","href":"https:\/\/api.w.org\/{rel}","templated":true}]}}