{"id":13625,"date":"2016-05-13T14:47:45","date_gmt":"2016-05-13T12:47:45","guid":{"rendered":"http:\/\/www.djk-erlangen.de\/fussball\/?p=13625"},"modified":"2016-05-13T19:25:54","modified_gmt":"2016-05-13T17:25:54","slug":"u8-braucht-verstaerkung","status":"publish","type":"post","link":"https:\/\/www.djk-erlangen.de\/fussball\/?p=13625","title":{"rendered":"U8 braucht Verst\u00e4rkung"},"content":{"rendered":"<p>Gute Mannschaft mit engagierten Trainer sucht noch Verst\u00e4rkung f\u00fcr die neue Saison 2016\/2017. Wenn du Lust hast auf tolles Training und Spa\u00df dann melde dich!<\/p>\n<p>Trainer Marc Lattacher (0170 \u2013 4020702) und trainiert anschlie\u00dfend einfach mal mit.<\/p>\n<p>Wir w\u00fcrden uns freuen viele neue Mitspieler bei einem \u201eSchnuppertraining\u201c begr\u00fc\u00dfen zu k\u00f6nnen.<\/p>\n","protected":false},"excerpt":{"rendered":"<p>Gute Mannschaft mit engagierten Trainer sucht noch Verst\u00e4rkung f\u00fcr die neue Saison 2016\/2017. Wenn du Lust hast auf tolles Training und Spa\u00df dann melde dich! Trainer Marc Lattacher (0170 \u2013 4020702) und trainiert anschlie\u00dfend einfach mal mit. Wir w\u00fcrden uns &hellip; <a href=\"https:\/\/www.djk-erlangen.de\/fussball\/?p=13625\">Weiterlesen <span class=\"meta-nav\">&rarr;<\/span><\/a><\/p>\n","protected":false},"author":2,"featured_media":0,"comment_status":"open","ping_status":"closed","sticky":false,"template":"","format":"standard","meta":{"jetpack_post_was_ever_published":false,"_jetpack_newsletter_access":"","_jetpack_dont_email_post_to_subs":false,"_jetpack_newsletter_tier_id":0,"_jetpack_memberships_contains_paywalled_content":false,"_jetpack_memberships_contains_paid_content":false,"footnotes":"","jetpack_publicize_message":"","jetpack_publicize_feature_enabled":true,"jetpack_social_post_already_shared":true,"jetpack_social_options":{"image_generator_settings":{"template":"highway","default_image_id":0,"font":"","enabled":false},"version":2}},"categories":[51],"tags":[],"class_list":["post-13625","post","type-post","status-publish","format-standard","hentry","category-u8-f3"],"jetpack_publicize_connections":[],"jetpack_featured_media_url":"","jetpack_shortlink":"https:\/\/wp.me\/p2ZUr0-3xL","jetpack_sharing_enabled":true,"_links":{"self":[{"href":"https:\/\/www.djk-erlangen.de\/fussball\/index.php?rest_route=\/wp\/v2\/posts\/13625","targetHints":{"allow":["GET"]}}],"collection":[{"href":"https:\/\/www.djk-erlangen.de\/fussball\/index.php?rest_route=\/wp\/v2\/posts"}],"about":[{"href":"https:\/\/www.djk-erlangen.de\/fussball\/index.php?rest_route=\/wp\/v2\/types\/post"}],"author":[{"embeddable":true,"href":"https:\/\/www.djk-erlangen.de\/fussball\/index.php?rest_route=\/wp\/v2\/users\/2"}],"replies":[{"embeddable":true,"href":"https:\/\/www.djk-erlangen.de\/fussball\/index.php?rest_route=%2Fwp%2Fv2%2Fcomments&post=13625"}],"version-history":[{"count":3,"href":"https:\/\/www.djk-erlangen.de\/fussball\/index.php?rest_route=\/wp\/v2\/posts\/13625\/revisions"}],"predecessor-version":[{"id":13629,"href":"https:\/\/www.djk-erlangen.de\/fussball\/index.php?rest_route=\/wp\/v2\/posts\/13625\/revisions\/13629"}],"wp:attachment":[{"href":"https:\/\/www.djk-erlangen.de\/fussball\/index.php?rest_route=%2Fwp%2Fv2%2Fmedia&parent=13625"}],"wp:term":[{"taxonomy":"category","embeddable":true,"href":"https:\/\/www.djk-erlangen.de\/fussball\/index.php?rest_route=%2Fwp%2Fv2%2Fcategories&post=13625"},{"taxonomy":"post_tag","embeddable":true,"href":"https:\/\/www.djk-erlangen.de\/fussball\/index.php?rest_route=%2Fwp%2Fv2%2Ftags&post=13625"}],"curies":[{"name":"wp","href":"https:\/\/api.w.org\/{rel}","templated":true}]}}