{"id":13602,"date":"2016-05-08T20:21:01","date_gmt":"2016-05-08T18:21:01","guid":{"rendered":"http:\/\/www.djk-erlangen.de\/fussball\/?p=13602"},"modified":"2016-05-08T20:45:14","modified_gmt":"2016-05-08T18:45:14","slug":"c-1-gutes-spiel-leider-keine-punkte","status":"publish","type":"post","link":"https:\/\/www.djk-erlangen.de\/fussball\/?p=13602","title":{"rendered":"C-1 gutes Spiel, leider keine Punkte"},"content":{"rendered":"<p>Am heutigen Muttertag trafen wir zum letzten Vorrundenspiel der Aufstiegsrunde zuhause auf die SpVgg Uehlfeld. Erstmals unter Leitung unseres Interimscoach Patrick wurde die Truppe im Vorfeld bestens eingestellt und die Jungs gingen hochmotiviert in die Begegnung.<\/p>\n<p><!--more--><\/p>\n<p>Mit dem Anpfiff legten die Wiesenwegbuben los wie die Feuerwehr und gingen nach 10 Spielminuten nach einem klugen Pass in die Schnittstelle von Elias durch unseren B\u00fcffel in F\u00fchrung. Die G\u00e4ste erh\u00f6hten den Druck und forderten unsere Defensive enorm. Der Sturmlauf der G\u00e4ste wurde in der 22. Spielminute mit dem Ausgleich belohnt. Die DJK Buben steckten nach dem Ausgleich jedoch nie auf und k\u00e4mpften sich zur\u00fcck ins Spiel. Erneut unser B\u00fcffel tankte sich gegen f\u00fcnf Gegner durch und legte den Ball musterg\u00fcltig von der Strafraumgrenze zur\u00fcck in den freien Raum. Der umsichtig agierende Elias nahm sich ein Herz und zimmerte das Spielger\u00e4t zur viel um jubelten 2:1 F\u00fchrung in die Maschen.<\/p>\n<p>Sch\u00f6ne Aktionen und tolles Kombinationsspiel war in der Folgezeit Trump bei den Wiesenwegbuben. Auch unser R\u00fcckkehrer Konstantin \u00fcbernahm trotz Trainingsr\u00fcckstand Verantwortung und setzte seine Nebenleute mehrmals geschickt in Szene. Wir waren dem 3. ten Tor so nahe!! MIt dem Pausenpfiff kassierten wir dann leider den Ausgleich zum 2:2.<\/p>\n<p>In der zweiten Halbzeit waren dann die guten Vors\u00e4tze dahin und unser Spielsystem stand nicht mehr sicher. Vielmehr luden wir auch in der nachlassenden Kraft begr\u00fcndet, die G\u00e4ste zum Toreschiessen ein. Unsere linke Seite war offen wie ein Scheunentor und diese Schwachstelle nutzten die G\u00e4ste dann in der 54. Minute zur\u00a0 F\u00fchrung. Ein Freisto\u00df aus gut 25 Meter von Oli konnte der gegnerische Torh\u00fcter noch so gerade \u00fcber die Latte lenken. Das war es dann auch schon mit unseren Chancen im zweiten Spielabschnitt.\u00a0 Kurz vor Schlu\u00df kamen dann die G\u00e4ste noch zu ihrem vierten Tor und die f\u00fcnfte Niederlage im 5.ten Spiel war besiegelt.<\/p>\n<p>Aber auch heute war wieder eine deutliche Tendenz nach oben zu sehen und die Jungs sind auf einem guten Weg! Auch darf man nicht vergessen, dass Woche f\u00fcr Woche deutlich j\u00fcngere Jahrg\u00e4nge aus der DJK Familie die Mannschaft unterst\u00fctzen, weil bei etablierten Spielern andere Aktivit\u00e4ten Vorrang haben, bzw. verletzungsbedingt noch l\u00e4nger nicht zur Verf\u00fcgung stehen.<\/p>\n<p>Mal schauen, vielleicht k\u00f6nnen wir am kommenden Donnerstag dem Tabellenf\u00fchrer zuhause ein Bein stellen. Verdient h\u00e4tten es sich die Jungs! Es geht immer weiter, immer weiter&#8230;&#8230;&#8230;&#8230;&#8230;<\/p>\n<p>Zumindest in der Trainerfrage ab der kommenden Saison, haben wir seit heute Klarheit! Wieder ein Schritt in die richtige Richtung!!!<\/p>\n<p>DJK Aufgebot:<br \/>\nLuis; Daniel; Alex; Oli; Lorenz; Konstantin; Benedikt; Niko; Flo; Elias; Jojo; Sebastian; Felix<\/p>\n<p>Tore:<br \/>\nBenedikt (1); Elias (1)<\/p>\n<p><!--more--><\/p>\n<p>&nbsp;<\/p>\n","protected":false},"excerpt":{"rendered":"<p>Am heutigen Muttertag trafen wir zum letzten Vorrundenspiel der Aufstiegsrunde zuhause auf die SpVgg Uehlfeld. Erstmals unter Leitung unseres Interimscoach Patrick wurde die Truppe im Vorfeld bestens eingestellt und die Jungs gingen hochmotiviert in die Begegnung.<\/p>\n","protected":false},"author":32,"featured_media":0,"comment_status":"open","ping_status":"closed","sticky":false,"template":"","format":"standard","meta":{"jetpack_post_was_ever_published":false,"_jetpack_newsletter_access":"","_jetpack_dont_email_post_to_subs":false,"_jetpack_newsletter_tier_id":0,"_jetpack_memberships_contains_paywalled_content":false,"_jetpack_memberships_contains_paid_content":false,"footnotes":"","jetpack_publicize_message":"","jetpack_publicize_feature_enabled":true,"jetpack_social_post_already_shared":true,"jetpack_social_options":{"image_generator_settings":{"template":"highway","default_image_id":0,"font":"","enabled":false},"version":2}},"categories":[45],"tags":[],"class_list":["post-13602","post","type-post","status-publish","format-standard","hentry","category-u15-c1"],"jetpack_publicize_connections":[],"jetpack_featured_media_url":"","jetpack_shortlink":"https:\/\/wp.me\/p2ZUr0-3xo","jetpack_sharing_enabled":true,"_links":{"self":[{"href":"https:\/\/www.djk-erlangen.de\/fussball\/index.php?rest_route=\/wp\/v2\/posts\/13602","targetHints":{"allow":["GET"]}}],"collection":[{"href":"https:\/\/www.djk-erlangen.de\/fussball\/index.php?rest_route=\/wp\/v2\/posts"}],"about":[{"href":"https:\/\/www.djk-erlangen.de\/fussball\/index.php?rest_route=\/wp\/v2\/types\/post"}],"author":[{"embeddable":true,"href":"https:\/\/www.djk-erlangen.de\/fussball\/index.php?rest_route=\/wp\/v2\/users\/32"}],"replies":[{"embeddable":true,"href":"https:\/\/www.djk-erlangen.de\/fussball\/index.php?rest_route=%2Fwp%2Fv2%2Fcomments&post=13602"}],"version-history":[{"count":3,"href":"https:\/\/www.djk-erlangen.de\/fussball\/index.php?rest_route=\/wp\/v2\/posts\/13602\/revisions"}],"predecessor-version":[{"id":13605,"href":"https:\/\/www.djk-erlangen.de\/fussball\/index.php?rest_route=\/wp\/v2\/posts\/13602\/revisions\/13605"}],"wp:attachment":[{"href":"https:\/\/www.djk-erlangen.de\/fussball\/index.php?rest_route=%2Fwp%2Fv2%2Fmedia&parent=13602"}],"wp:term":[{"taxonomy":"category","embeddable":true,"href":"https:\/\/www.djk-erlangen.de\/fussball\/index.php?rest_route=%2Fwp%2Fv2%2Fcategories&post=13602"},{"taxonomy":"post_tag","embeddable":true,"href":"https:\/\/www.djk-erlangen.de\/fussball\/index.php?rest_route=%2Fwp%2Fv2%2Ftags&post=13602"}],"curies":[{"name":"wp","href":"https:\/\/api.w.org\/{rel}","templated":true}]}}