{"id":13564,"date":"2016-04-24T19:49:34","date_gmt":"2016-04-24T17:49:34","guid":{"rendered":"http:\/\/www.djk-erlangen.de\/fussball\/?p=13564"},"modified":"2016-04-24T19:50:41","modified_gmt":"2016-04-24T17:50:41","slug":"c-1-deutliche-leistungssteigerung","status":"publish","type":"post","link":"https:\/\/www.djk-erlangen.de\/fussball\/?p=13564","title":{"rendered":"C-1 deutliche Leistungssteigerung"},"content":{"rendered":"<p>Am heutigen Sonntag vormittag stand f\u00fcr die C-1 Jugend das erste Heimspiel der Saison an. Zu Gast am Wiesenweg waren die Sportkameraden aus Etzelskirchen. War man in den Wochen zuvor doch recht arg unter die R\u00e4der gekommen, wollte man zu Hause endlich die Wende schaffen.<\/p>\n<p><!--more--><\/p>\n<p>&nbsp;<\/p>\n<p>&nbsp;<\/p>\n<p>Hochmotiviert ging man in die Begegnung. Leider wurden wir durch ein dummes Gegentor in der 2. Spielminute kurzfristig aus dem Ryhtmus gebracht. Mit zunehmenden Spielverlauf bissen wir uns aber zur\u00fcck in Spiel und erspielten uns auch die eine oder andere Torchance. Durch ein engagiertes Auftreten war man dem Ausgleich sehr nahe. Leider fingen wir uns kurz vor der Pause den zweiten Gegentreffer.<br \/>\nIm zweiten Spielabschnitt waren wir \u00fcber weite Strecken der Partie die bessere Mannschaft. Mit viel Leidenschaft wurden die Zweik\u00e4mpfe angenommen und man merkte kaum den Altersunterschied. Zumal wir am heutigen Spieltag durch die D1 und D3 tatkr\u00e4ftig unterst\u00fctzt wurden. An dieser Stelle geht der Dank an Valentin und Max von der D1 und an Nico und Nils von der D3. Ihr habt ein richtig tolles Spiel absolviert. Leider haben wir Mitte der zweiten Spielh\u00e4lfte den dritten Gegentreffer bekommen und so war das Ding heute gelaufen. Kurz vor Schlu\u00df hatten wir nach einer tollen Flanke von Nico in den Strafraum leider nicht das Quentchen Gl\u00fcck, da\u00df Nils das Spielger\u00e4t zum 1:3 im Kasten unterbrachte.<\/p>\n<p>Jedoch k\u00f6nnen wir mit der heute gezeigten Leistung und Steigerung positiv in die weitere Saison blicken. Was jetzt noch fehlt ist ein Erfolgserlebnis! Diese Niederlage wirft uns nicht um, sondern soll weitere Kr\u00e4fte frei machen. Gerade wenn man sieht wie sich die ganz jungen Spieler eingesetzt haben.<\/p>\n<p>An dieser Stelle auch nochmals unser herzlicher Dank an die Eltern und Trainer der D1 und D3 f\u00fcr Eure spontane Unterst\u00fctzung.<\/p>\n<p>DJK Aufgebot:<br \/>\nLuis; Nils; Daniel; Alex; Oliver; Lorenz; Luca; Benedikt; Nico; Timm; Valentin; Max; Jojo; Sebastian, Yannick<\/p>\n<p><!--more--><\/p>\n<p>&nbsp;<\/p>\n","protected":false},"excerpt":{"rendered":"<p>Am heutigen Sonntag vormittag stand f\u00fcr die C-1 Jugend das erste Heimspiel der Saison an. Zu Gast am Wiesenweg waren die Sportkameraden aus Etzelskirchen. War man in den Wochen zuvor doch recht arg unter die R\u00e4der gekommen, wollte man zu &hellip; <a href=\"https:\/\/www.djk-erlangen.de\/fussball\/?p=13564\">Weiterlesen <span class=\"meta-nav\">&rarr;<\/span><\/a><\/p>\n","protected":false},"author":32,"featured_media":0,"comment_status":"open","ping_status":"closed","sticky":false,"template":"","format":"standard","meta":{"jetpack_post_was_ever_published":false,"_jetpack_newsletter_access":"","_jetpack_dont_email_post_to_subs":false,"_jetpack_newsletter_tier_id":0,"_jetpack_memberships_contains_paywalled_content":false,"_jetpack_memberships_contains_paid_content":false,"footnotes":"","jetpack_publicize_message":"","jetpack_publicize_feature_enabled":true,"jetpack_social_post_already_shared":true,"jetpack_social_options":{"image_generator_settings":{"template":"highway","default_image_id":0,"font":"","enabled":false},"version":2}},"categories":[45],"tags":[],"class_list":["post-13564","post","type-post","status-publish","format-standard","hentry","category-u15-c1"],"jetpack_publicize_connections":[],"jetpack_featured_media_url":"","jetpack_shortlink":"https:\/\/wp.me\/p2ZUr0-3wM","jetpack_sharing_enabled":true,"_links":{"self":[{"href":"https:\/\/www.djk-erlangen.de\/fussball\/index.php?rest_route=\/wp\/v2\/posts\/13564","targetHints":{"allow":["GET"]}}],"collection":[{"href":"https:\/\/www.djk-erlangen.de\/fussball\/index.php?rest_route=\/wp\/v2\/posts"}],"about":[{"href":"https:\/\/www.djk-erlangen.de\/fussball\/index.php?rest_route=\/wp\/v2\/types\/post"}],"author":[{"embeddable":true,"href":"https:\/\/www.djk-erlangen.de\/fussball\/index.php?rest_route=\/wp\/v2\/users\/32"}],"replies":[{"embeddable":true,"href":"https:\/\/www.djk-erlangen.de\/fussball\/index.php?rest_route=%2Fwp%2Fv2%2Fcomments&post=13564"}],"version-history":[{"count":2,"href":"https:\/\/www.djk-erlangen.de\/fussball\/index.php?rest_route=\/wp\/v2\/posts\/13564\/revisions"}],"predecessor-version":[{"id":13567,"href":"https:\/\/www.djk-erlangen.de\/fussball\/index.php?rest_route=\/wp\/v2\/posts\/13564\/revisions\/13567"}],"wp:attachment":[{"href":"https:\/\/www.djk-erlangen.de\/fussball\/index.php?rest_route=%2Fwp%2Fv2%2Fmedia&parent=13564"}],"wp:term":[{"taxonomy":"category","embeddable":true,"href":"https:\/\/www.djk-erlangen.de\/fussball\/index.php?rest_route=%2Fwp%2Fv2%2Fcategories&post=13564"},{"taxonomy":"post_tag","embeddable":true,"href":"https:\/\/www.djk-erlangen.de\/fussball\/index.php?rest_route=%2Fwp%2Fv2%2Ftags&post=13564"}],"curies":[{"name":"wp","href":"https:\/\/api.w.org\/{rel}","templated":true}]}}