{"id":13534,"date":"2016-04-09T22:01:49","date_gmt":"2016-04-09T20:01:49","guid":{"rendered":"http:\/\/www.djk-erlangen.de\/fussball\/?p=13534"},"modified":"2016-04-09T22:01:49","modified_gmt":"2016-04-09T20:01:49","slug":"c-1-misslungener-saisonauftakt","status":"publish","type":"post","link":"https:\/\/www.djk-erlangen.de\/fussball\/?p=13534","title":{"rendered":"C-1 misslungener Saisonauftakt"},"content":{"rendered":"<p>Wegen einer Doppelbelegung der Spielst\u00e4tte bei der DJK haben wir uns darauf verst\u00e4ndigt das Heimrecht zu tauschen und zum Saisonauftakt ausw\u00e4rts anzutreten. Nach einer durchwachsenen Vorbereitung &#8211; \u00fcber die H\u00e4lfte der Spieler\u00a0 konnte nicht mal einen Bruchteil der anberaumten Trainingseinheiten wahrnehmen &#8211; , f\u00fchrte uns der Weg zum ersten Spiel nach Burk, einem Stadtteil von Forchheim.<\/p>\n<p><!--more--><\/p>\n<p>Bei bestem Fu\u00dfballwetter wurde die Partie angepfiffen. In der Anfangsphase vers\u00e4umten es die Hausherren durch Schl\u00e4frigkeit gleich in F\u00fchrung zu gehen. Erst nach einem sch\u00f6nen Distanzschu\u00df von Yannick an die Latte, wachten die Burker auf und wir verfielen in einen Tiefschlaf. Binnen 10 Minuten konnten die Gastgeber teilweise durch grob fahrl\u00e4ssige Fehler im gesamten Mannschaftsverbund der Wiesenwegbuben das Resultat auf uneinholbar stellen.<\/p>\n<p>In der Folgezeit des Spiels war man mehr mit sich selber besch\u00e4ftigt als sich auf die eigentlichen Aufgaben, \u00fcber Kampf und Ehrgeiz ins Spiel zu finden. Die uns k\u00f6rperlich \u00fcberlegenen Burker konnten schalten und walten wie sie wollten. Gl\u00fccklicherweise hatte der umsichtig leitende Schiedsrichter ein Einsehen und Pfiff zur Pause.<\/p>\n<p>Im zweiten Spielabschnitt war dann nur noch Schadensbegrenzung ausgegeben. Aber anscheinend hat das den einen oder anderen aus den Reihen der DJK nicht die Bohne interessiert und es wurde weiter Vogelwild gespielt. Folgerichtig schenkten uns die Burker in regelm\u00e4\u00dfigen Abst\u00e4nden das eine oder andere Gastgeschenk ein. Entlastungsangriffe oder Torchchancen waren auf unserer Seite weiter Mangelware und man beugte sich fr\u00fchzeitig dem Schicksal hier und heute mit wehenden Fahnen unterzugehen.<\/p>\n<p>Mit der\u00a0 gezeigten Leistung ist man leider nur Kanonenfutter, zumal der Gegner am heutigen Tag, trotz der deutlichen Niederlage spielerisch nicht \u00fcberzeugen konnte.<\/p>\n<p>DJK Aufgebot:<br \/>\nLuis; Daniel; Alex; Oli; Lorenz; Benedikt; Timm; Lasse; Jojo; Sebi; Luca; Yannick<\/p>\n","protected":false},"excerpt":{"rendered":"<p>Wegen einer Doppelbelegung der Spielst\u00e4tte bei der DJK haben wir uns darauf verst\u00e4ndigt das Heimrecht zu tauschen und zum Saisonauftakt ausw\u00e4rts anzutreten. Nach einer durchwachsenen Vorbereitung &#8211; \u00fcber die H\u00e4lfte der Spieler\u00a0 konnte nicht mal einen Bruchteil der anberaumten Trainingseinheiten &hellip; <a href=\"https:\/\/www.djk-erlangen.de\/fussball\/?p=13534\">Weiterlesen <span class=\"meta-nav\">&rarr;<\/span><\/a><\/p>\n","protected":false},"author":32,"featured_media":0,"comment_status":"open","ping_status":"closed","sticky":false,"template":"","format":"standard","meta":{"jetpack_post_was_ever_published":false,"_jetpack_newsletter_access":"","_jetpack_dont_email_post_to_subs":false,"_jetpack_newsletter_tier_id":0,"_jetpack_memberships_contains_paywalled_content":false,"_jetpack_memberships_contains_paid_content":false,"footnotes":"","jetpack_publicize_message":"","jetpack_publicize_feature_enabled":true,"jetpack_social_post_already_shared":true,"jetpack_social_options":{"image_generator_settings":{"template":"highway","default_image_id":0,"font":"","enabled":false},"version":2}},"categories":[45],"tags":[],"class_list":["post-13534","post","type-post","status-publish","format-standard","hentry","category-u15-c1"],"jetpack_publicize_connections":[],"jetpack_featured_media_url":"","jetpack_shortlink":"https:\/\/wp.me\/p2ZUr0-3wi","jetpack_sharing_enabled":true,"_links":{"self":[{"href":"https:\/\/www.djk-erlangen.de\/fussball\/index.php?rest_route=\/wp\/v2\/posts\/13534","targetHints":{"allow":["GET"]}}],"collection":[{"href":"https:\/\/www.djk-erlangen.de\/fussball\/index.php?rest_route=\/wp\/v2\/posts"}],"about":[{"href":"https:\/\/www.djk-erlangen.de\/fussball\/index.php?rest_route=\/wp\/v2\/types\/post"}],"author":[{"embeddable":true,"href":"https:\/\/www.djk-erlangen.de\/fussball\/index.php?rest_route=\/wp\/v2\/users\/32"}],"replies":[{"embeddable":true,"href":"https:\/\/www.djk-erlangen.de\/fussball\/index.php?rest_route=%2Fwp%2Fv2%2Fcomments&post=13534"}],"version-history":[{"count":1,"href":"https:\/\/www.djk-erlangen.de\/fussball\/index.php?rest_route=\/wp\/v2\/posts\/13534\/revisions"}],"predecessor-version":[{"id":13535,"href":"https:\/\/www.djk-erlangen.de\/fussball\/index.php?rest_route=\/wp\/v2\/posts\/13534\/revisions\/13535"}],"wp:attachment":[{"href":"https:\/\/www.djk-erlangen.de\/fussball\/index.php?rest_route=%2Fwp%2Fv2%2Fmedia&parent=13534"}],"wp:term":[{"taxonomy":"category","embeddable":true,"href":"https:\/\/www.djk-erlangen.de\/fussball\/index.php?rest_route=%2Fwp%2Fv2%2Fcategories&post=13534"},{"taxonomy":"post_tag","embeddable":true,"href":"https:\/\/www.djk-erlangen.de\/fussball\/index.php?rest_route=%2Fwp%2Fv2%2Ftags&post=13534"}],"curies":[{"name":"wp","href":"https:\/\/api.w.org\/{rel}","templated":true}]}}