{"id":13431,"date":"2016-02-01T21:21:16","date_gmt":"2016-02-01T20:21:16","guid":{"rendered":"http:\/\/www.djk-erlangen.de\/fussball\/?p=13431"},"modified":"2016-02-01T21:21:39","modified_gmt":"2016-02-01T20:21:39","slug":"stollenstrolche-deutschlands-tollste-kindertore-jetzt-online-voten","status":"publish","type":"post","link":"https:\/\/www.djk-erlangen.de\/fussball\/?p=13431","title":{"rendered":"STOLLENSTROLCHE &#8211; Deutschlands tollste Kindertore &#8211; jetzt voten"},"content":{"rendered":"<p>Eine Online-Community stimmt monatlich \u00fcber die tollsten und kuriosesten Tore sowie Torszenen ab. Gew\u00e4hlt und pr\u00e4miert wird der &#8222;Stollenstrolch des Monats&#8220; sowie aus den Monatsgewinnern die &#8222;Stollenstrolche des Jahres&#8220;.<\/p>\n<p>Und damit ihr euch hinterher gemeinsam freuen k\u00f6nnt: Der Monatsgewinn im Wert von 1.000 Euro geht an das gesamte Team bzw. den Verein des Torsch\u00fctzen! Mitmachen k\u00f6nnen Jungs und M\u00e4dchen im Alter bis 12 Jahre.<\/p>\n<p>Hier der Link zum Online voting<\/p>\n<p><a href=\"http:\/\/www.anstoss.telekom.com\/stollenstrolche#voting\">http:\/\/www.anstoss.telekom.com\/stollenstrolche#voting<\/a><\/p>\n","protected":false},"excerpt":{"rendered":"<p>Eine Online-Community stimmt monatlich \u00fcber die tollsten und kuriosesten Tore sowie Torszenen ab. Gew\u00e4hlt und pr\u00e4miert wird der &#8222;Stollenstrolch des Monats&#8220; sowie aus den Monatsgewinnern die &#8222;Stollenstrolche des Jahres&#8220;. Und damit ihr euch hinterher gemeinsam freuen k\u00f6nnt: Der Monatsgewinn im &hellip; <a href=\"https:\/\/www.djk-erlangen.de\/fussball\/?p=13431\">Weiterlesen <span class=\"meta-nav\">&rarr;<\/span><\/a><\/p>\n","protected":false},"author":7,"featured_media":0,"comment_status":"open","ping_status":"closed","sticky":false,"template":"","format":"standard","meta":{"jetpack_post_was_ever_published":false,"_jetpack_newsletter_access":"","_jetpack_dont_email_post_to_subs":false,"_jetpack_newsletter_tier_id":0,"_jetpack_memberships_contains_paywalled_content":false,"_jetpack_memberships_contains_paid_content":false,"footnotes":"","jetpack_publicize_message":"","jetpack_publicize_feature_enabled":true,"jetpack_social_post_already_shared":true,"jetpack_social_options":{"image_generator_settings":{"template":"highway","default_image_id":0,"font":"","enabled":false},"version":2}},"categories":[4,1,5,17,18,48,42,43,44,47,8,26,27,10,34,35,41,11,45,46,12,28,29,13,14,39,51,37,38,50,15,40,36,30,31],"tags":[],"class_list":["post-13431","post","type-post","status-publish","format-standard","hentry","category-ah","category-allgemein","category-herren","category-herren-1","category-herren-2","category-u10","category-u10-e3-i","category-u10-e3-ii","category-u10-e3-iii","category-u11","category-u11-e1","category-u11-e2","category-u11-e3","category-u13","category-u13-d1","category-u13-d2","category-u13-d3","category-u15","category-u15-c1","category-u15-c2","category-u17","category-u17-b1","category-u17-b2","category-u19","category-u7","category-u8","category-u8-f3","category-u8-f3-1","category-u8-f3-2","category-u9","category-u9-f1","category-u9-f2-2","category-u9-f2-i","category-u9-f3-i","category-u9-f3-ii"],"jetpack_publicize_connections":[],"jetpack_featured_media_url":"","jetpack_shortlink":"https:\/\/wp.me\/p2ZUr0-3uD","jetpack_sharing_enabled":true,"_links":{"self":[{"href":"https:\/\/www.djk-erlangen.de\/fussball\/index.php?rest_route=\/wp\/v2\/posts\/13431","targetHints":{"allow":["GET"]}}],"collection":[{"href":"https:\/\/www.djk-erlangen.de\/fussball\/index.php?rest_route=\/wp\/v2\/posts"}],"about":[{"href":"https:\/\/www.djk-erlangen.de\/fussball\/index.php?rest_route=\/wp\/v2\/types\/post"}],"author":[{"embeddable":true,"href":"https:\/\/www.djk-erlangen.de\/fussball\/index.php?rest_route=\/wp\/v2\/users\/7"}],"replies":[{"embeddable":true,"href":"https:\/\/www.djk-erlangen.de\/fussball\/index.php?rest_route=%2Fwp%2Fv2%2Fcomments&post=13431"}],"version-history":[{"count":7,"href":"https:\/\/www.djk-erlangen.de\/fussball\/index.php?rest_route=\/wp\/v2\/posts\/13431\/revisions"}],"predecessor-version":[{"id":13438,"href":"https:\/\/www.djk-erlangen.de\/fussball\/index.php?rest_route=\/wp\/v2\/posts\/13431\/revisions\/13438"}],"wp:attachment":[{"href":"https:\/\/www.djk-erlangen.de\/fussball\/index.php?rest_route=%2Fwp%2Fv2%2Fmedia&parent=13431"}],"wp:term":[{"taxonomy":"category","embeddable":true,"href":"https:\/\/www.djk-erlangen.de\/fussball\/index.php?rest_route=%2Fwp%2Fv2%2Fcategories&post=13431"},{"taxonomy":"post_tag","embeddable":true,"href":"https:\/\/www.djk-erlangen.de\/fussball\/index.php?rest_route=%2Fwp%2Fv2%2Ftags&post=13431"}],"curies":[{"name":"wp","href":"https:\/\/api.w.org\/{rel}","templated":true}]}}