{"id":13422,"date":"2016-01-22T19:32:47","date_gmt":"2016-01-22T18:32:47","guid":{"rendered":"http:\/\/www.djk-erlangen.de\/fussball\/?p=13422"},"modified":"2016-01-22T19:32:47","modified_gmt":"2016-01-22T18:32:47","slug":"u8-auf-turnier-beim-esv-fluegelrad","status":"publish","type":"post","link":"https:\/\/www.djk-erlangen.de\/fussball\/?p=13422","title":{"rendered":"U8 auf Turnier beim ESV Fl\u00fcgelrad"},"content":{"rendered":"<p>Am wohl k\u00e4ltesten Sonntag morgen im neuen Jahr ging es nach N\u00fcrnberg zum ESV Fl\u00fcgelrad.<\/p>\n<p>Die Halle war gef\u00fcllt und die st\u00e4rksten Mannschaften aus dem Kreis waren dabei.<\/p>\n<p>Das erste Spiel gegen den ASV F\u00fcrth verlor man mit Pech 2:1..<\/p>\n<p>Nach dieser Pleite wurden wir zwei mal mit 1:4 in 12 Min \u00fcberrumpelt.<\/p>\n<p>Das bedeutete letzter Platz in der Gruppe und somit Spiel um Platz 7..<\/p>\n<p>Dieses verloren wir knapp mit 3:2 gegen den ASV Veitsbronn!<\/p>\n<p>Im Finale gewann die SpVgg Greuther F\u00fcrth mit 2:1 gegen den Gastgeber ESV Fl\u00fcgelrad.<\/p>\n<p>Die Jungs haben bei dem Turnier viel dazu gelernt und das ist das wichtigste.<\/p>\n<p>Nochmals vielen Dank an Ali, den Trainer vom ESV Fl\u00fcgelrad f\u00fcr die Einladung, wir kommen gerne wieder!<\/p>\n<p>&nbsp;<\/p>\n","protected":false},"excerpt":{"rendered":"<p>Am wohl k\u00e4ltesten Sonntag morgen im neuen Jahr ging es nach N\u00fcrnberg zum ESV Fl\u00fcgelrad. Die Halle war gef\u00fcllt und die st\u00e4rksten Mannschaften aus dem Kreis waren dabei. Das erste Spiel gegen den ASV F\u00fcrth verlor man mit Pech 2:1.. &hellip; <a href=\"https:\/\/www.djk-erlangen.de\/fussball\/?p=13422\">Weiterlesen <span class=\"meta-nav\">&rarr;<\/span><\/a><\/p>\n","protected":false},"author":47,"featured_media":0,"comment_status":"open","ping_status":"closed","sticky":false,"template":"","format":"standard","meta":{"jetpack_post_was_ever_published":false,"_jetpack_newsletter_access":"","_jetpack_dont_email_post_to_subs":false,"_jetpack_newsletter_tier_id":0,"_jetpack_memberships_contains_paywalled_content":false,"_jetpack_memberships_contains_paid_content":false,"footnotes":"","jetpack_publicize_message":"","jetpack_publicize_feature_enabled":true,"jetpack_social_post_already_shared":true,"jetpack_social_options":{"image_generator_settings":{"template":"highway","default_image_id":0,"font":"","enabled":false},"version":2}},"categories":[1,39],"tags":[],"class_list":["post-13422","post","type-post","status-publish","format-standard","hentry","category-allgemein","category-u8"],"jetpack_publicize_connections":[],"jetpack_featured_media_url":"","jetpack_shortlink":"https:\/\/wp.me\/p2ZUr0-3uu","jetpack_sharing_enabled":true,"_links":{"self":[{"href":"https:\/\/www.djk-erlangen.de\/fussball\/index.php?rest_route=\/wp\/v2\/posts\/13422","targetHints":{"allow":["GET"]}}],"collection":[{"href":"https:\/\/www.djk-erlangen.de\/fussball\/index.php?rest_route=\/wp\/v2\/posts"}],"about":[{"href":"https:\/\/www.djk-erlangen.de\/fussball\/index.php?rest_route=\/wp\/v2\/types\/post"}],"author":[{"embeddable":true,"href":"https:\/\/www.djk-erlangen.de\/fussball\/index.php?rest_route=\/wp\/v2\/users\/47"}],"replies":[{"embeddable":true,"href":"https:\/\/www.djk-erlangen.de\/fussball\/index.php?rest_route=%2Fwp%2Fv2%2Fcomments&post=13422"}],"version-history":[{"count":1,"href":"https:\/\/www.djk-erlangen.de\/fussball\/index.php?rest_route=\/wp\/v2\/posts\/13422\/revisions"}],"predecessor-version":[{"id":13423,"href":"https:\/\/www.djk-erlangen.de\/fussball\/index.php?rest_route=\/wp\/v2\/posts\/13422\/revisions\/13423"}],"wp:attachment":[{"href":"https:\/\/www.djk-erlangen.de\/fussball\/index.php?rest_route=%2Fwp%2Fv2%2Fmedia&parent=13422"}],"wp:term":[{"taxonomy":"category","embeddable":true,"href":"https:\/\/www.djk-erlangen.de\/fussball\/index.php?rest_route=%2Fwp%2Fv2%2Fcategories&post=13422"},{"taxonomy":"post_tag","embeddable":true,"href":"https:\/\/www.djk-erlangen.de\/fussball\/index.php?rest_route=%2Fwp%2Fv2%2Ftags&post=13422"}],"curies":[{"name":"wp","href":"https:\/\/api.w.org\/{rel}","templated":true}]}}