{"id":13396,"date":"2016-01-10T13:41:16","date_gmt":"2016-01-10T12:41:16","guid":{"rendered":"http:\/\/www.djk-erlangen.de\/fussball\/?p=13396"},"modified":"2016-01-11T08:39:03","modified_gmt":"2016-01-11T07:39:03","slug":"hkm-u19-3-im-finale-des-kreispokales","status":"publish","type":"post","link":"https:\/\/www.djk-erlangen.de\/fussball\/?p=13396","title":{"rendered":"HKM U19  3. im Finale des Kreispokales"},"content":{"rendered":"<p style=\"text-align: justify;\">Unsere A-Junioren wurden hervorragender 3. beim diesj\u00e4hrigen Hallen-Kreispokal<\/p>\n<p style=\"text-align: justify;\">Herzlichen Gl\u00fcckwunsch zu diesem tollen Erfolg.<!--more--><\/p>\n<p>Unter F\u00fchrung des Kapit\u00e4ns Arlind erreichte die Mannschaft mit 2 Siegen und 1er Niederlage das Halbfinale. Der TSV Lauf und die BOL Mannschaft des TV 1848 konnten problemlos besiegt werden.<\/p>\n<p>Gegner in der Runde der letzten 4 war hier der FC R\u00f6thenbach, der in der Vorrunde noch ohne Probleme besiegt wurde. Leider konnte keine der vielen Torchancen genutzt werden und 2 Konter entschieden das Spiel gegen uns.<\/p>\n<p>Im kleinen Finale war der SV Schwaig der Gegner. Hochmotiviert ging das Team um Trainer Tobi Pfister die Aufgabe an. Das Spiel wurde souver\u00e4n mit 2:0 gewonnen.<\/p>\n<p>Einen gro\u00dfen Dank an die vielen Anh\u00e4nger, welche gestern den Weg nach Gr\u00e4fenberg gefunden haben und die Mannschaft lautstark unterst\u00fctzt haben.<a href=\"http:\/\/www.djk-erlangen.de\/fussball\/wp-content\/uploads\/2016\/01\/IMG_5156.jpg\" rel=\"attachment wp-att-13401\"><img loading=\"lazy\" decoding=\"async\" class=\"aligncenter wp-image-13401\" src=\"http:\/\/www.djk-erlangen.de\/fussball\/wp-content\/uploads\/2016\/01\/IMG_5156.jpg\" alt=\"IMG_5156\" width=\"488\" height=\"203\" srcset=\"https:\/\/www.djk-erlangen.de\/fussball\/wp-content\/uploads\/2016\/01\/IMG_5156.jpg 1024w, https:\/\/www.djk-erlangen.de\/fussball\/wp-content\/uploads\/2016\/01\/IMG_5156-150x62.jpg 150w, https:\/\/www.djk-erlangen.de\/fussball\/wp-content\/uploads\/2016\/01\/IMG_5156-300x125.jpg 300w, https:\/\/www.djk-erlangen.de\/fussball\/wp-content\/uploads\/2016\/01\/IMG_5156-768x320.jpg 768w\" sizes=\"auto, (max-width: 488px) 100vw, 488px\" \/><\/a><a href=\"http:\/\/www.djk-erlangen.de\/fussball\/wp-content\/uploads\/2016\/01\/IMG_5054.jpg\" rel=\"attachment wp-att-13398\"><img loading=\"lazy\" decoding=\"async\" class=\"aligncenter wp-image-13398\" src=\"http:\/\/www.djk-erlangen.de\/fussball\/wp-content\/uploads\/2016\/01\/IMG_5054.jpg\" alt=\"IMG_5054\" width=\"478\" height=\"283\" srcset=\"https:\/\/www.djk-erlangen.de\/fussball\/wp-content\/uploads\/2016\/01\/IMG_5054.jpg 1024w, https:\/\/www.djk-erlangen.de\/fussball\/wp-content\/uploads\/2016\/01\/IMG_5054-150x89.jpg 150w, https:\/\/www.djk-erlangen.de\/fussball\/wp-content\/uploads\/2016\/01\/IMG_5054-300x178.jpg 300w, https:\/\/www.djk-erlangen.de\/fussball\/wp-content\/uploads\/2016\/01\/IMG_5054-768x455.jpg 768w\" sizes=\"auto, (max-width: 478px) 100vw, 478px\" \/><\/a><a href=\"http:\/\/www.djk-erlangen.de\/fussball\/wp-content\/uploads\/2016\/01\/IMG_5110.jpg\" rel=\"attachment wp-att-13399\"><img loading=\"lazy\" decoding=\"async\" class=\"wp-image-13399 alignleft\" src=\"http:\/\/www.djk-erlangen.de\/fussball\/wp-content\/uploads\/2016\/01\/IMG_5110.jpg\" alt=\"IMG_5110\" width=\"353\" height=\"525\" \/><\/a><\/p>\n<p>&nbsp;<\/p>\n<p>&nbsp;<\/p>\n<p>&nbsp;<\/p>\n<p>&nbsp;<\/p>\n<p>&nbsp;<\/p>\n<p>&nbsp;<\/p>\n<p>&nbsp;<\/p>\n<p>&nbsp;<\/p>\n<p>&nbsp;<\/p>\n<p>&nbsp;<\/p>\n<p>&nbsp;<\/p>\n<p>&nbsp;<\/p>\n<p>&nbsp;<\/p>\n<p>&nbsp;<\/p>\n<p>&nbsp;<\/p>\n<p>&nbsp;<\/p>\n<p><a href=\"http:\/\/www.djk-erlangen.de\/fussball\/wp-content\/uploads\/2016\/01\/IMG_5144.jpg\" rel=\"attachment wp-att-13400\"><img loading=\"lazy\" decoding=\"async\" class=\"wp-image-13400 alignleft\" src=\"http:\/\/www.djk-erlangen.de\/fussball\/wp-content\/uploads\/2016\/01\/IMG_5144.jpg\" alt=\"IMG_5144\" width=\"377\" height=\"290\" srcset=\"https:\/\/www.djk-erlangen.de\/fussball\/wp-content\/uploads\/2016\/01\/IMG_5144.jpg 1024w, https:\/\/www.djk-erlangen.de\/fussball\/wp-content\/uploads\/2016\/01\/IMG_5144-150x116.jpg 150w, https:\/\/www.djk-erlangen.de\/fussball\/wp-content\/uploads\/2016\/01\/IMG_5144-300x231.jpg 300w, https:\/\/www.djk-erlangen.de\/fussball\/wp-content\/uploads\/2016\/01\/IMG_5144-768x592.jpg 768w\" sizes=\"auto, (max-width: 377px) 100vw, 377px\" \/><\/a><\/p>\n","protected":false},"excerpt":{"rendered":"<p>Unsere A-Junioren wurden hervorragender 3. beim diesj\u00e4hrigen Hallen-Kreispokal Herzlichen Gl\u00fcckwunsch zu diesem tollen Erfolg.<\/p>\n","protected":false},"author":9,"featured_media":0,"comment_status":"open","ping_status":"closed","sticky":false,"template":"","format":"standard","meta":{"jetpack_post_was_ever_published":false,"_jetpack_newsletter_access":"","_jetpack_dont_email_post_to_subs":false,"_jetpack_newsletter_tier_id":0,"_jetpack_memberships_contains_paywalled_content":false,"_jetpack_memberships_contains_paid_content":false,"footnotes":"","jetpack_publicize_message":"","jetpack_publicize_feature_enabled":true,"jetpack_social_post_already_shared":true,"jetpack_social_options":{"image_generator_settings":{"template":"highway","default_image_id":0,"font":"","enabled":false},"version":2}},"categories":[1,13],"tags":[],"class_list":["post-13396","post","type-post","status-publish","format-standard","hentry","category-allgemein","category-u19"],"jetpack_publicize_connections":[],"jetpack_featured_media_url":"","jetpack_shortlink":"https:\/\/wp.me\/p2ZUr0-3u4","jetpack_sharing_enabled":true,"_links":{"self":[{"href":"https:\/\/www.djk-erlangen.de\/fussball\/index.php?rest_route=\/wp\/v2\/posts\/13396","targetHints":{"allow":["GET"]}}],"collection":[{"href":"https:\/\/www.djk-erlangen.de\/fussball\/index.php?rest_route=\/wp\/v2\/posts"}],"about":[{"href":"https:\/\/www.djk-erlangen.de\/fussball\/index.php?rest_route=\/wp\/v2\/types\/post"}],"author":[{"embeddable":true,"href":"https:\/\/www.djk-erlangen.de\/fussball\/index.php?rest_route=\/wp\/v2\/users\/9"}],"replies":[{"embeddable":true,"href":"https:\/\/www.djk-erlangen.de\/fussball\/index.php?rest_route=%2Fwp%2Fv2%2Fcomments&post=13396"}],"version-history":[{"count":6,"href":"https:\/\/www.djk-erlangen.de\/fussball\/index.php?rest_route=\/wp\/v2\/posts\/13396\/revisions"}],"predecessor-version":[{"id":13410,"href":"https:\/\/www.djk-erlangen.de\/fussball\/index.php?rest_route=\/wp\/v2\/posts\/13396\/revisions\/13410"}],"wp:attachment":[{"href":"https:\/\/www.djk-erlangen.de\/fussball\/index.php?rest_route=%2Fwp%2Fv2%2Fmedia&parent=13396"}],"wp:term":[{"taxonomy":"category","embeddable":true,"href":"https:\/\/www.djk-erlangen.de\/fussball\/index.php?rest_route=%2Fwp%2Fv2%2Fcategories&post=13396"},{"taxonomy":"post_tag","embeddable":true,"href":"https:\/\/www.djk-erlangen.de\/fussball\/index.php?rest_route=%2Fwp%2Fv2%2Ftags&post=13396"}],"curies":[{"name":"wp","href":"https:\/\/api.w.org\/{rel}","templated":true}]}}