{"id":13391,"date":"2016-01-06T12:06:40","date_gmt":"2016-01-06T11:06:40","guid":{"rendered":"http:\/\/www.djk-erlangen.de\/fussball\/?p=13391"},"modified":"2016-01-06T12:18:16","modified_gmt":"2016-01-06T11:18:16","slug":"die-groesste-torwartschule-deutschlands-kommt-zur-djk","status":"publish","type":"post","link":"https:\/\/www.djk-erlangen.de\/fussball\/?p=13391","title":{"rendered":"Die gr\u00f6\u00dfte Torwartschule Deutschlands kommt zur DJK"},"content":{"rendered":"<p>Am 29.03.2016 veranstaltet die Torwartschule Benjamin Rudolph e.V. in Kooperation mit der DJK Erlangen e.V. einen Trainingstag f\u00fcr Torh\u00fcter.<br \/>\nGem\u00e4\u00df dem Motto \u201eTrainieren wie die Profis\u201c sollen sich die Torh\u00fcter einen Tag lang einmal wie Profis f\u00fchlen.<\/p>\n<p><!--more--><\/p>\n<p>&nbsp;<\/p>\n<p>In insgesamt drei Trainingseinheiten an nur einem Tag, bekommen die Torh\u00fcter ein Training auf h\u00f6chstem Niveau \u2013 wie Profis eben \u2013 geboten. Eine Videoanalyse sowie eine Theorie-und Materialschulung runden den Tag schlie\u00dflich ab.<br \/>\nF\u00fcr die Verpflegung w\u00e4hrend des kompletten Tages, in Form von frischem Obst sowie Getr\u00e4nken und einem gemeinsamen Mittagessen, ist bestens gesorgt. Los geht\u2019s um 08:30 Uhr auf dem Vereinsgel\u00e4nde der DJK Erlangen e.V. (Wiesenweg 2 in 91056 Erlangen).<br \/>\nBeide Vereine laden dazu alle Torh\u00fcterinnen und Torh\u00fcter recht herzlich ein! N\u00e4here Informationen zum Trainingstag und zur Torwartschule direkt findet Ihr auf der Website der Torwartschule Benjamin Rudolph unter www.torwartschule-rudolph.de. Anmeldungen k\u00f6nnen direkt \u00fcber das Anmeldeformular auf der Website vorgenommen werden.<\/p>\n<p><img loading=\"lazy\" decoding=\"async\" class=\"alignnone wp-image-13393\" src=\"http:\/\/www.djk-erlangen.de\/fussball\/wp-content\/uploads\/2016\/01\/Trainingstag_91056.jpg\" alt=\"Trainingstag_91056\" width=\"239\" height=\"338\" \/> <img loading=\"lazy\" decoding=\"async\" class=\"alignnone wp-image-13392\" src=\"http:\/\/www.djk-erlangen.de\/fussball\/wp-content\/uploads\/2016\/01\/Infoflyer_91056_001-212x300.jpg\" alt=\"Infoflyer_91056_001\" width=\"236\" height=\"335\" srcset=\"https:\/\/www.djk-erlangen.de\/fussball\/wp-content\/uploads\/2016\/01\/Infoflyer_91056_001-212x300.jpg 212w, https:\/\/www.djk-erlangen.de\/fussball\/wp-content\/uploads\/2016\/01\/Infoflyer_91056_001-106x150.jpg 106w, https:\/\/www.djk-erlangen.de\/fussball\/wp-content\/uploads\/2016\/01\/Infoflyer_91056_001.jpg 595w\" sizes=\"auto, (max-width: 236px) 100vw, 236px\" \/><\/p>\n","protected":false},"excerpt":{"rendered":"<p>Am 29.03.2016 veranstaltet die Torwartschule Benjamin Rudolph e.V. in Kooperation mit der DJK Erlangen e.V. einen Trainingstag f\u00fcr Torh\u00fcter. Gem\u00e4\u00df dem Motto \u201eTrainieren wie die Profis\u201c sollen sich die Torh\u00fcter einen Tag lang einmal wie Profis f\u00fchlen.<\/p>\n","protected":false},"author":2,"featured_media":0,"comment_status":"open","ping_status":"closed","sticky":false,"template":"","format":"standard","meta":{"jetpack_post_was_ever_published":false,"_jetpack_newsletter_access":"","_jetpack_dont_email_post_to_subs":false,"_jetpack_newsletter_tier_id":0,"_jetpack_memberships_contains_paywalled_content":false,"_jetpack_memberships_contains_paid_content":false,"footnotes":"","jetpack_publicize_message":"","jetpack_publicize_feature_enabled":true,"jetpack_social_post_already_shared":true,"jetpack_social_options":{"image_generator_settings":{"template":"highway","default_image_id":0,"font":"","enabled":false},"version":2}},"categories":[1],"tags":[],"class_list":["post-13391","post","type-post","status-publish","format-standard","hentry","category-allgemein"],"jetpack_publicize_connections":[],"jetpack_featured_media_url":"","jetpack_shortlink":"https:\/\/wp.me\/p2ZUr0-3tZ","jetpack_sharing_enabled":true,"_links":{"self":[{"href":"https:\/\/www.djk-erlangen.de\/fussball\/index.php?rest_route=\/wp\/v2\/posts\/13391","targetHints":{"allow":["GET"]}}],"collection":[{"href":"https:\/\/www.djk-erlangen.de\/fussball\/index.php?rest_route=\/wp\/v2\/posts"}],"about":[{"href":"https:\/\/www.djk-erlangen.de\/fussball\/index.php?rest_route=\/wp\/v2\/types\/post"}],"author":[{"embeddable":true,"href":"https:\/\/www.djk-erlangen.de\/fussball\/index.php?rest_route=\/wp\/v2\/users\/2"}],"replies":[{"embeddable":true,"href":"https:\/\/www.djk-erlangen.de\/fussball\/index.php?rest_route=%2Fwp%2Fv2%2Fcomments&post=13391"}],"version-history":[{"count":2,"href":"https:\/\/www.djk-erlangen.de\/fussball\/index.php?rest_route=\/wp\/v2\/posts\/13391\/revisions"}],"predecessor-version":[{"id":13395,"href":"https:\/\/www.djk-erlangen.de\/fussball\/index.php?rest_route=\/wp\/v2\/posts\/13391\/revisions\/13395"}],"wp:attachment":[{"href":"https:\/\/www.djk-erlangen.de\/fussball\/index.php?rest_route=%2Fwp%2Fv2%2Fmedia&parent=13391"}],"wp:term":[{"taxonomy":"category","embeddable":true,"href":"https:\/\/www.djk-erlangen.de\/fussball\/index.php?rest_route=%2Fwp%2Fv2%2Fcategories&post=13391"},{"taxonomy":"post_tag","embeddable":true,"href":"https:\/\/www.djk-erlangen.de\/fussball\/index.php?rest_route=%2Fwp%2Fv2%2Ftags&post=13391"}],"curies":[{"name":"wp","href":"https:\/\/api.w.org\/{rel}","templated":true}]}}