{"id":13379,"date":"2016-01-03T18:00:59","date_gmt":"2016-01-03T17:00:59","guid":{"rendered":"http:\/\/www.djk-erlangen.de\/fussball\/?p=13379"},"modified":"2016-01-11T12:25:55","modified_gmt":"2016-01-11T11:25:55","slug":"e1-mannschaft-start-ins-neue-jahr-mit-turniersieg","status":"publish","type":"post","link":"https:\/\/www.djk-erlangen.de\/fussball\/?p=13379","title":{"rendered":"E1-Mannschaft: Start ins neue Jahr mit Turniersieg"},"content":{"rendered":"<p>Wir, die D3- und E1-Mannschaft w\u00fcnschen allen DJKlern ein gesundes, gl\u00fcckliches und erfolgreiches neues Jahr.<\/p>\n<p>Auf Einladung des ASV Niederndorf nahm die Mannschaft beim Hallenturnier am So., den 03.01.2016\u00a0in Herzogenaurach teil und das sehr erfolgreich.<br \/>\nGl\u00fcckwunsch zum doch etwas \u00fcberraschenden Erfolg, klasse gemacht!<\/p>\n<p>In der Herbstrunde wurden sie ins kalte Wasser geworfen, 12 Spieler des Jahrgangs 2005 starteten in der D-Jugend als D3-Mannschaft. Somit wurde pl\u00f6tzlich aus der 2. Mannschaft eine\u00a01. Mannschaft und sie durften nicht als E2 starten. Das Lehrgeld war heftig als E1. Ein gro\u00dfes Kompliment an die Mannschaft, sie hat nie aufgegeben, gek\u00e4mpft und mit ihren M\u00f6glichkeiten gute Resultate erzielt.<\/p>\n<p>Deshalb freue ich mich besonders \u00fcber den Turniersieg f\u00fcr die Mannschaft, wird der Moral und Motivation sicherlich sehr gut tun. Den gro\u00dfen Pokal habt ihr verdient!<\/p>\n","protected":false},"excerpt":{"rendered":"<p>Wir, die D3- und E1-Mannschaft w\u00fcnschen allen DJKlern ein gesundes, gl\u00fcckliches und erfolgreiches neues Jahr. Auf Einladung des ASV Niederndorf nahm die Mannschaft beim Hallenturnier am So., den 03.01.2016\u00a0in Herzogenaurach teil und das sehr erfolgreich. Gl\u00fcckwunsch zum doch etwas \u00fcberraschenden &hellip; <a href=\"https:\/\/www.djk-erlangen.de\/fussball\/?p=13379\">Weiterlesen <span class=\"meta-nav\">&rarr;<\/span><\/a><\/p>\n","protected":false},"author":36,"featured_media":0,"comment_status":"open","ping_status":"closed","sticky":false,"template":"","format":"standard","meta":{"jetpack_post_was_ever_published":false,"_jetpack_newsletter_access":"","_jetpack_dont_email_post_to_subs":false,"_jetpack_newsletter_tier_id":0,"_jetpack_memberships_contains_paywalled_content":false,"_jetpack_memberships_contains_paid_content":false,"footnotes":"","jetpack_publicize_message":"","jetpack_publicize_feature_enabled":true,"jetpack_social_post_already_shared":true,"jetpack_social_options":{"image_generator_settings":{"template":"highway","default_image_id":0,"font":"","enabled":false},"version":2}},"categories":[1,47,8],"tags":[],"class_list":["post-13379","post","type-post","status-publish","format-standard","hentry","category-allgemein","category-u11","category-u11-e1"],"jetpack_publicize_connections":[],"jetpack_featured_media_url":"","jetpack_shortlink":"https:\/\/wp.me\/p2ZUr0-3tN","jetpack_sharing_enabled":true,"_links":{"self":[{"href":"https:\/\/www.djk-erlangen.de\/fussball\/index.php?rest_route=\/wp\/v2\/posts\/13379","targetHints":{"allow":["GET"]}}],"collection":[{"href":"https:\/\/www.djk-erlangen.de\/fussball\/index.php?rest_route=\/wp\/v2\/posts"}],"about":[{"href":"https:\/\/www.djk-erlangen.de\/fussball\/index.php?rest_route=\/wp\/v2\/types\/post"}],"author":[{"embeddable":true,"href":"https:\/\/www.djk-erlangen.de\/fussball\/index.php?rest_route=\/wp\/v2\/users\/36"}],"replies":[{"embeddable":true,"href":"https:\/\/www.djk-erlangen.de\/fussball\/index.php?rest_route=%2Fwp%2Fv2%2Fcomments&post=13379"}],"version-history":[{"count":10,"href":"https:\/\/www.djk-erlangen.de\/fussball\/index.php?rest_route=\/wp\/v2\/posts\/13379\/revisions"}],"predecessor-version":[{"id":13414,"href":"https:\/\/www.djk-erlangen.de\/fussball\/index.php?rest_route=\/wp\/v2\/posts\/13379\/revisions\/13414"}],"wp:attachment":[{"href":"https:\/\/www.djk-erlangen.de\/fussball\/index.php?rest_route=%2Fwp%2Fv2%2Fmedia&parent=13379"}],"wp:term":[{"taxonomy":"category","embeddable":true,"href":"https:\/\/www.djk-erlangen.de\/fussball\/index.php?rest_route=%2Fwp%2Fv2%2Fcategories&post=13379"},{"taxonomy":"post_tag","embeddable":true,"href":"https:\/\/www.djk-erlangen.de\/fussball\/index.php?rest_route=%2Fwp%2Fv2%2Ftags&post=13379"}],"curies":[{"name":"wp","href":"https:\/\/api.w.org\/{rel}","templated":true}]}}