{"id":13358,"date":"2015-12-06T10:24:39","date_gmt":"2015-12-06T09:24:39","guid":{"rendered":"http:\/\/www.djk-erlangen.de\/fussball\/?p=13358"},"modified":"2016-03-05T17:39:47","modified_gmt":"2016-03-05T16:39:47","slug":"u8-mit-1-platz-in-stadeln","status":"publish","type":"post","link":"https:\/\/www.djk-erlangen.de\/fussball\/?p=13358","title":{"rendered":"U8 mit 1. Platz in Stadeln"},"content":{"rendered":"<p>Am Samstag den 05.12 fuhren wir zu unseren Freunden\u00a0nach\u00a0Stadeln!<\/p>\n<p>Gespielt wurde in zwei 4er Gruppen, unsere bestand aus dem SV Poppenreuth F3, FSV Stadeln F2 und dem FV Kleeblatt 99 F\u00fcrth.<!--more--><\/p>\n<p>Das erste Spiel fing gut an und man hatte 70% Ballbesitz. Nur leider trat das alt bekannte Tor Problem auf. Somit stande es nach 10 Min 1:1.<\/p>\n<p>Im zweiten Spiel war das Kleeblatt 99 einfach agressiver und das machte am Ende den Unterschied, wir verloren die Partie mit 1:2<\/p>\n<p>Im Dritten Spiel platzte der Knoten, nicht weil man nur noch mit\u00a0einem Sieg ins Halbfinale einziehen konnte sondern auch weil die Jungs beweisen wollten was wirklich in Ihnen steckt.<\/p>\n<p>Somit wurde die F2 (Jahrgangs\u00e4lter) vom FSV Stadeln mit 2:0 niedergerungen.<\/p>\n<p>Durch das Bessere Torverh\u00e4ltnis kamen wir als 2. Platzierter der Gruppe B gegen den 1. Gruppe A.<\/p>\n<p>Damit hie\u00df das Halbfinale: SF Gro\u00dfgr\u00fcndlach F2 : DJK Erlangen F3<\/p>\n<p>man merkte von Beginn an das die DJK den Siegeswillen hatte und danach verlief demnach auch das Spiel.<\/p>\n<p>Hinten sicher, vorne eiskalt. Man schickte den Gegner mit 3:0 nach Hause.<\/p>\n<p>Im Finale stand man dem VFL N\u00fcrnberg gegen\u00fcber.<\/p>\n<p>Nach anstrengenden 4 Partien trieb uns nun der Ehrgeiz an.<\/p>\n<p>Man ging direkt nach 2 Min mit einen Rechten Hammer von Peter in F\u00fchrung.<\/p>\n<p>Stand dann lange kompakt bis das 1:1 fiel. Noch 2:31 Min zu spielen.<\/p>\n<p>Angst? nicht vorhanden. Attacke! nur 20 Sekunden sp\u00e4ter die Antwort.<\/p>\n<p>Peter mit einer Flachen und Harten Ecke und am Ende das Ding irgendwie \u00fcber die Linie gebracht. 2:1 f\u00fcr die DJK !!!<\/p>\n<p>Die restliche Zeit des Finales spielte man souver\u00e4n runter und lie\u00df den Gegner nichtmehr in die eigene H\u00e4lfte kommen.<\/p>\n<p><strong>Somit gewinnt die U8 das Turnier in Stadeln.<\/strong><\/p>\n<p>Am Abend wurde in der Kegelbahn der DJK noch Weihnachten gefeiert!<\/p>\n<p>&nbsp;<\/p>\n<p>&nbsp;<\/p>\n<p>&nbsp;<\/p>\n","protected":false},"excerpt":{"rendered":"<p>Am Samstag den 05.12 fuhren wir zu unseren Freunden\u00a0nach\u00a0Stadeln! Gespielt wurde in zwei 4er Gruppen, unsere bestand aus dem SV Poppenreuth F3, FSV Stadeln F2 und dem FV Kleeblatt 99 F\u00fcrth.<\/p>\n","protected":false},"author":47,"featured_media":0,"comment_status":"open","ping_status":"closed","sticky":false,"template":"","format":"standard","meta":{"jetpack_post_was_ever_published":false,"_jetpack_newsletter_access":"","_jetpack_dont_email_post_to_subs":false,"_jetpack_newsletter_tier_id":0,"_jetpack_memberships_contains_paywalled_content":false,"_jetpack_memberships_contains_paid_content":false,"footnotes":"","jetpack_publicize_message":"","jetpack_publicize_feature_enabled":true,"jetpack_social_post_already_shared":true,"jetpack_social_options":{"image_generator_settings":{"template":"highway","default_image_id":0,"font":"","enabled":false},"version":2}},"categories":[1,39],"tags":[],"class_list":["post-13358","post","type-post","status-publish","format-standard","hentry","category-allgemein","category-u8"],"jetpack_publicize_connections":[],"jetpack_featured_media_url":"","jetpack_shortlink":"https:\/\/wp.me\/p2ZUr0-3ts","jetpack_sharing_enabled":true,"_links":{"self":[{"href":"https:\/\/www.djk-erlangen.de\/fussball\/index.php?rest_route=\/wp\/v2\/posts\/13358","targetHints":{"allow":["GET"]}}],"collection":[{"href":"https:\/\/www.djk-erlangen.de\/fussball\/index.php?rest_route=\/wp\/v2\/posts"}],"about":[{"href":"https:\/\/www.djk-erlangen.de\/fussball\/index.php?rest_route=\/wp\/v2\/types\/post"}],"author":[{"embeddable":true,"href":"https:\/\/www.djk-erlangen.de\/fussball\/index.php?rest_route=\/wp\/v2\/users\/47"}],"replies":[{"embeddable":true,"href":"https:\/\/www.djk-erlangen.de\/fussball\/index.php?rest_route=%2Fwp%2Fv2%2Fcomments&post=13358"}],"version-history":[{"count":4,"href":"https:\/\/www.djk-erlangen.de\/fussball\/index.php?rest_route=\/wp\/v2\/posts\/13358\/revisions"}],"predecessor-version":[{"id":13465,"href":"https:\/\/www.djk-erlangen.de\/fussball\/index.php?rest_route=\/wp\/v2\/posts\/13358\/revisions\/13465"}],"wp:attachment":[{"href":"https:\/\/www.djk-erlangen.de\/fussball\/index.php?rest_route=%2Fwp%2Fv2%2Fmedia&parent=13358"}],"wp:term":[{"taxonomy":"category","embeddable":true,"href":"https:\/\/www.djk-erlangen.de\/fussball\/index.php?rest_route=%2Fwp%2Fv2%2Fcategories&post=13358"},{"taxonomy":"post_tag","embeddable":true,"href":"https:\/\/www.djk-erlangen.de\/fussball\/index.php?rest_route=%2Fwp%2Fv2%2Ftags&post=13358"}],"curies":[{"name":"wp","href":"https:\/\/api.w.org\/{rel}","templated":true}]}}