{"id":13350,"date":"2015-11-28T01:23:53","date_gmt":"2015-11-28T00:23:53","guid":{"rendered":"http:\/\/www.djk-erlangen.de\/fussball\/?p=13350"},"modified":"2016-01-11T12:37:08","modified_gmt":"2016-01-11T11:37:08","slug":"c-1-weihnachtsfeier","status":"publish","type":"post","link":"https:\/\/www.djk-erlangen.de\/fussball\/?p=13350","title":{"rendered":"C1 Weihnachtsfeier"},"content":{"rendered":"<p>Traditionell feierte die C1 Jugend am Freitag vor dem 1. Advent ihre Jahresabschluss-\/Weihnachtsfeier im gro\u00dfen Saal der DJK. P\u00fcnktlich um 18:30 Uhr waren alle geladenen G\u00e4ste anwesend.<\/p>\n<p>Durch den Teamchef und Conferencier Peter Scherneck wurde die Gesellschaft begr\u00fc\u00dft und auf einen sch\u00f6nen Abend eingestimmt. Nachdem die Mannschaft ihre Essensw\u00fcnsche erhalten hatten, war es an der Reihe, auch die G\u00e4ste zu bewirten. Dank Dimi und seinem Team wurden alle bestellten Gerichte p\u00fcnktlich und auf den Punkt serviert. Hierzu gleich im Vorfeld einen ganz herzlichen Dank an das Team der DJK-Gastst\u00e4tte f\u00fcr Eure super Bewirtung!<\/p>\n<p>Nachdem alle hungrigen M\u00e4uler erstmal ges\u00e4ttigt waren, gab es den obligatorischen Jahresr\u00fcckblick\u00a0 in Reimform f\u00fcr die Mannschaft sowie Trainer und Betreuer. Headcoach J\u00f6rg zeichnete anschlie\u00dfend die trainingsflei\u00dfigsten Spieler mit einem \u00dcberraschungsgutschein aus.<br \/>\nIm Anschluss war dann Bescherung, wobei auch die G\u00f6nner und Sponsoren mit einem Geschenk bedacht wurden. Die Spieler bedankten sich alle mit einem eigenen Vers f\u00fcr die \u00fcberbrachten Gaben.<br \/>\nPostwendend pr\u00e4sentierte sich die Mannschaft in ihren neuen Freizeit-Hoodies der versammelten Gesellschaft.<\/p>\n<p>Teamchef Peter Scherneck bedankte sich im Anschluss f\u00fcr die geleistete Arbeit in der abgelaufenenen Saison und verabschiedete geb\u00fchrend 2 Spieler, welche sich in Zukunft an anderen Wirkungsst\u00e4tten neuen Herausforderungen stellen wollen.<br \/>\nAuch wurde dem scheidenden Trainer Rainer Weich eine Laudatio gewidmet, um sich f\u00fcr die vergangenen 3 Jahre mit der Mannschaft geb\u00fchrend zu bedanken. Mit einem tobenden Applaus wurde Rainer f\u00fcr seine Dienste belohnt! Rainer wird nach einer sch\u00f6pferischen Pause im Sommer eine neue Herausforderung im Verein \u00fcbernehmen.<\/p>\n<p>Nach den Ansprachen der G\u00f6nner und Sponsoren kam es dann zum Highlight der diesj\u00e4hrigen Weihnachtsfeier. Die Mutter der Kompanie Ingrid trug den Klassiker &#8222;Die Christbaumspitz&#8220; in umgewandelter Form vor. Diese Darbietung sorgt nicht nur beim Ehemann Bernhard, sondern auch bei der kompletten Versammlung f\u00fcr Erheiterung. Tr\u00e4nen vor Lachen waren \u00fcberall in den Augen zu sehen! Liebe Ingrid, vielen lieben Dank f\u00fcr diese einmalige Darbietung. Das war ein echtes Highlight!<br \/>\nNachfolger f\u00fcr eine Wiederholung im n\u00e4chsten Jahr wurden noch nicht gefunden&#8230;. aber da ist ja auch noch Zeit, den einen oder anderen zu vergattern!<\/p>\n<p>So endete ein kurzweiliger Abend im Saal der DJK und der harte Kern sitzt wahrscheinlich immer noch. Das vermisste Ouzo-Glas ist bis dato immer noch auf Abwegen &#8230;. wie das enden wird, werden wir in diesem Jahr wahrhaftig nicht mehr kl\u00e4ren k\u00f6nnen!<\/p>\n","protected":false},"excerpt":{"rendered":"<p>Traditionell feierte die C1 Jugend am Freitag vor dem 1. Advent ihre Jahresabschluss-\/Weihnachtsfeier im gro\u00dfen Saal der DJK. P\u00fcnktlich um 18:30 Uhr waren alle geladenen G\u00e4ste anwesend. Durch den Teamchef und Conferencier Peter Scherneck wurde die Gesellschaft begr\u00fc\u00dft und auf &hellip; <a href=\"https:\/\/www.djk-erlangen.de\/fussball\/?p=13350\">Weiterlesen <span class=\"meta-nav\">&rarr;<\/span><\/a><\/p>\n","protected":false},"author":2,"featured_media":0,"comment_status":"open","ping_status":"closed","sticky":false,"template":"","format":"standard","meta":{"jetpack_post_was_ever_published":false,"_jetpack_newsletter_access":"","_jetpack_dont_email_post_to_subs":false,"_jetpack_newsletter_tier_id":0,"_jetpack_memberships_contains_paywalled_content":false,"_jetpack_memberships_contains_paid_content":false,"footnotes":"","jetpack_publicize_message":"","jetpack_publicize_feature_enabled":true,"jetpack_social_post_already_shared":true,"jetpack_social_options":{"image_generator_settings":{"template":"highway","default_image_id":0,"font":"","enabled":false},"version":2}},"categories":[45],"tags":[],"class_list":["post-13350","post","type-post","status-publish","format-standard","hentry","category-u15-c1"],"jetpack_publicize_connections":[],"jetpack_featured_media_url":"","jetpack_shortlink":"https:\/\/wp.me\/p2ZUr0-3tk","jetpack_sharing_enabled":true,"_links":{"self":[{"href":"https:\/\/www.djk-erlangen.de\/fussball\/index.php?rest_route=\/wp\/v2\/posts\/13350","targetHints":{"allow":["GET"]}}],"collection":[{"href":"https:\/\/www.djk-erlangen.de\/fussball\/index.php?rest_route=\/wp\/v2\/posts"}],"about":[{"href":"https:\/\/www.djk-erlangen.de\/fussball\/index.php?rest_route=\/wp\/v2\/types\/post"}],"author":[{"embeddable":true,"href":"https:\/\/www.djk-erlangen.de\/fussball\/index.php?rest_route=\/wp\/v2\/users\/2"}],"replies":[{"embeddable":true,"href":"https:\/\/www.djk-erlangen.de\/fussball\/index.php?rest_route=%2Fwp%2Fv2%2Fcomments&post=13350"}],"version-history":[{"count":3,"href":"https:\/\/www.djk-erlangen.de\/fussball\/index.php?rest_route=\/wp\/v2\/posts\/13350\/revisions"}],"predecessor-version":[{"id":13418,"href":"https:\/\/www.djk-erlangen.de\/fussball\/index.php?rest_route=\/wp\/v2\/posts\/13350\/revisions\/13418"}],"wp:attachment":[{"href":"https:\/\/www.djk-erlangen.de\/fussball\/index.php?rest_route=%2Fwp%2Fv2%2Fmedia&parent=13350"}],"wp:term":[{"taxonomy":"category","embeddable":true,"href":"https:\/\/www.djk-erlangen.de\/fussball\/index.php?rest_route=%2Fwp%2Fv2%2Fcategories&post=13350"},{"taxonomy":"post_tag","embeddable":true,"href":"https:\/\/www.djk-erlangen.de\/fussball\/index.php?rest_route=%2Fwp%2Fv2%2Ftags&post=13350"}],"curies":[{"name":"wp","href":"https:\/\/api.w.org\/{rel}","templated":true}]}}