{"id":13313,"date":"2015-11-12T21:20:03","date_gmt":"2015-11-12T20:20:03","guid":{"rendered":"http:\/\/www.djk-erlangen.de\/fussball\/?p=13313"},"modified":"2015-11-12T21:20:03","modified_gmt":"2015-11-12T20:20:03","slug":"c-1-steht-in-der-aufstiegsrunde","status":"publish","type":"post","link":"https:\/\/www.djk-erlangen.de\/fussball\/?p=13313","title":{"rendered":"C-1 steht in der Aufstiegsrunde"},"content":{"rendered":"<p>Am heutigen Donnerstag, wurde unser letztes Spiel in der Qualirunde 5 ausgetragen. Die Reise f\u00fchrte uns zum unmittelbaren Tabellennachbarn nach Uttenreuth. Die Marschroute war klar vorgegeben um den noch fehlenden Punkt einzufahren.<br \/>\n<!--more--><br \/>\nDie mit zahlreichen Spielern aus Ihrer Kreisklassen Truppe verst\u00e4rkte Heimelf versuchte in der Anfangsphase das Zepter in die Hand zu nehmen. Doch unsere Defensive hielt dagegen und so konnten wir auch den einen oder anderen Nadelstich nach vorne setzen. Nach einem Foulspiel im Mittelfeld zirkelte Oliver das Spielger\u00e4t in des Gegners Strafraum und aus dem Get\u00fcmmel heraus konnte Ari in der 18. Minute zur F\u00fchrung f\u00fcr die Wiesenwegbuben einschieben. Mit diesem knappen Ergebnis wechselte man auch die Seiten.<\/p>\n<p>In Halbzeit 2 war es \u00e4hnlich. Die Hausherren versuchten mit der Brechstange zum Ausgleich zu kommen. Doch konnten wir uns den Angriffen jederzeit erwehren und kamen ebenfalls nach einem Freisto\u00df durch Manu in der 42. Minute zum 0:2.\u00a0 Bei den Uttenreuthern war nach diesem Gegentor ein wenig die Luft raus und so konnten wir in der 63. Minute durch einen Distanzschu\u00df von Benedikt noch das 0:3 erzielen und die Fahrkarte f\u00fcr die Aufstiegsrunde im Fr\u00fchjahr entg\u00fcltig l\u00f6sen. Somit haben die<br \/>\nJungs nach dem letztj\u00e4hrigen Aufstieg als D-Jugend es erneut geschafft sich f\u00fcr die Aufstiegsrunde zu qualifizieren!<\/p>\n<p>Mit diesem Sieg belohnte sich auch die Mannschaft f\u00fcr eine hervorragende Saison und kann sich jetzt akribisch auf die neuen Herausforderungen im Fr\u00fchjahr konzentrieren. Gl\u00fcckwunsch an die Jungs, Trainer und Betreuer f\u00fcr eine tolle Saison!<\/p>\n<p>DJK Aufgebot:<br \/>\nLuis; Tim; Daniel; Ali-Alex; Oliver; Lorenz, Benedikt; Manu; Arijan; Flo; Jojo; Luca; Yannick<\/p>\n<p>DJK Tore:<br \/>\nAri (1); B\u00fcffel (1); Manu (1)<\/p>\n","protected":false},"excerpt":{"rendered":"<p>Am heutigen Donnerstag, wurde unser letztes Spiel in der Qualirunde 5 ausgetragen. Die Reise f\u00fchrte uns zum unmittelbaren Tabellennachbarn nach Uttenreuth. Die Marschroute war klar vorgegeben um den noch fehlenden Punkt einzufahren.<\/p>\n","protected":false},"author":32,"featured_media":0,"comment_status":"open","ping_status":"closed","sticky":false,"template":"","format":"standard","meta":{"jetpack_post_was_ever_published":false,"_jetpack_newsletter_access":"","_jetpack_dont_email_post_to_subs":false,"_jetpack_newsletter_tier_id":0,"_jetpack_memberships_contains_paywalled_content":false,"_jetpack_memberships_contains_paid_content":false,"footnotes":"","jetpack_publicize_message":"","jetpack_publicize_feature_enabled":true,"jetpack_social_post_already_shared":true,"jetpack_social_options":{"image_generator_settings":{"template":"highway","default_image_id":0,"font":"","enabled":false},"version":2}},"categories":[45],"tags":[],"class_list":["post-13313","post","type-post","status-publish","format-standard","hentry","category-u15-c1"],"jetpack_publicize_connections":[],"jetpack_featured_media_url":"","jetpack_shortlink":"https:\/\/wp.me\/p2ZUr0-3sJ","jetpack_sharing_enabled":true,"_links":{"self":[{"href":"https:\/\/www.djk-erlangen.de\/fussball\/index.php?rest_route=\/wp\/v2\/posts\/13313","targetHints":{"allow":["GET"]}}],"collection":[{"href":"https:\/\/www.djk-erlangen.de\/fussball\/index.php?rest_route=\/wp\/v2\/posts"}],"about":[{"href":"https:\/\/www.djk-erlangen.de\/fussball\/index.php?rest_route=\/wp\/v2\/types\/post"}],"author":[{"embeddable":true,"href":"https:\/\/www.djk-erlangen.de\/fussball\/index.php?rest_route=\/wp\/v2\/users\/32"}],"replies":[{"embeddable":true,"href":"https:\/\/www.djk-erlangen.de\/fussball\/index.php?rest_route=%2Fwp%2Fv2%2Fcomments&post=13313"}],"version-history":[{"count":1,"href":"https:\/\/www.djk-erlangen.de\/fussball\/index.php?rest_route=\/wp\/v2\/posts\/13313\/revisions"}],"predecessor-version":[{"id":13314,"href":"https:\/\/www.djk-erlangen.de\/fussball\/index.php?rest_route=\/wp\/v2\/posts\/13313\/revisions\/13314"}],"wp:attachment":[{"href":"https:\/\/www.djk-erlangen.de\/fussball\/index.php?rest_route=%2Fwp%2Fv2%2Fmedia&parent=13313"}],"wp:term":[{"taxonomy":"category","embeddable":true,"href":"https:\/\/www.djk-erlangen.de\/fussball\/index.php?rest_route=%2Fwp%2Fv2%2Fcategories&post=13313"},{"taxonomy":"post_tag","embeddable":true,"href":"https:\/\/www.djk-erlangen.de\/fussball\/index.php?rest_route=%2Fwp%2Fv2%2Ftags&post=13313"}],"curies":[{"name":"wp","href":"https:\/\/api.w.org\/{rel}","templated":true}]}}