{"id":1331,"date":"2009-10-10T23:59:34","date_gmt":"2009-10-10T21:59:34","guid":{"rendered":"http:\/\/www.djk-erlangen.de\/fussball\/?p=1331"},"modified":"2009-10-11T21:09:09","modified_gmt":"2009-10-11T19:09:09","slug":"f3-junioren-erwarten-zum-spitzenspiel-den-fsv-bruck","status":"publish","type":"post","link":"https:\/\/www.djk-erlangen.de\/fussball\/?p=1331","title":{"rendered":"F3-Junioren erwarten zum Spitzenspiel den FSV Bruck"},"content":{"rendered":"<p>Am kommenden Mittwoch den 14. Oktober 2009 empf\u00e4ngt die F3 den Tabellennachbarn FSV Bruck zum Spitzenspiel am Wiesenweg.<br \/>\nAnsto\u00df am Hauptplatz ist um 17.00 Uhr. \u00dcber ein zahlreiches Zuschauerinteresse w\u00fcrden sich die Jungs sicherlich freuen!<\/p>\n","protected":false},"excerpt":{"rendered":"<p>Am kommenden Mittwoch den 14. Oktober 2009 empf\u00e4ngt die F3 den Tabellennachbarn FSV Bruck zum Spitzenspiel am Wiesenweg. Ansto\u00df am Hauptplatz ist um 17.00 Uhr. \u00dcber ein zahlreiches Zuschauerinteresse w\u00fcrden sich die Jungs sicherlich freuen!<\/p>\n","protected":false},"author":32,"featured_media":0,"comment_status":"open","ping_status":"open","sticky":false,"template":"","format":"standard","meta":{"jetpack_post_was_ever_published":false,"_jetpack_newsletter_access":"","_jetpack_dont_email_post_to_subs":false,"_jetpack_newsletter_tier_id":0,"_jetpack_memberships_contains_paywalled_content":false,"_jetpack_memberships_contains_paid_content":false,"footnotes":"","jetpack_publicize_message":"","jetpack_publicize_feature_enabled":true,"jetpack_social_post_already_shared":false,"jetpack_social_options":{"image_generator_settings":{"template":"highway","default_image_id":0,"font":"","enabled":false},"version":2}},"categories":[1],"tags":[],"class_list":["post-1331","post","type-post","status-publish","format-standard","hentry","category-allgemein"],"jetpack_publicize_connections":[],"jetpack_featured_media_url":"","jetpack_shortlink":"https:\/\/wp.me\/p2ZUr0-lt","jetpack_sharing_enabled":true,"_links":{"self":[{"href":"https:\/\/www.djk-erlangen.de\/fussball\/index.php?rest_route=\/wp\/v2\/posts\/1331","targetHints":{"allow":["GET"]}}],"collection":[{"href":"https:\/\/www.djk-erlangen.de\/fussball\/index.php?rest_route=\/wp\/v2\/posts"}],"about":[{"href":"https:\/\/www.djk-erlangen.de\/fussball\/index.php?rest_route=\/wp\/v2\/types\/post"}],"author":[{"embeddable":true,"href":"https:\/\/www.djk-erlangen.de\/fussball\/index.php?rest_route=\/wp\/v2\/users\/32"}],"replies":[{"embeddable":true,"href":"https:\/\/www.djk-erlangen.de\/fussball\/index.php?rest_route=%2Fwp%2Fv2%2Fcomments&post=1331"}],"version-history":[{"count":2,"href":"https:\/\/www.djk-erlangen.de\/fussball\/index.php?rest_route=\/wp\/v2\/posts\/1331\/revisions"}],"predecessor-version":[{"id":1333,"href":"https:\/\/www.djk-erlangen.de\/fussball\/index.php?rest_route=\/wp\/v2\/posts\/1331\/revisions\/1333"}],"wp:attachment":[{"href":"https:\/\/www.djk-erlangen.de\/fussball\/index.php?rest_route=%2Fwp%2Fv2%2Fmedia&parent=1331"}],"wp:term":[{"taxonomy":"category","embeddable":true,"href":"https:\/\/www.djk-erlangen.de\/fussball\/index.php?rest_route=%2Fwp%2Fv2%2Fcategories&post=1331"},{"taxonomy":"post_tag","embeddable":true,"href":"https:\/\/www.djk-erlangen.de\/fussball\/index.php?rest_route=%2Fwp%2Fv2%2Ftags&post=1331"}],"curies":[{"name":"wp","href":"https:\/\/api.w.org\/{rel}","templated":true}]}}