{"id":13290,"date":"2015-11-06T17:52:17","date_gmt":"2015-11-06T16:52:17","guid":{"rendered":"http:\/\/www.djk-erlangen.de\/fussball\/?p=13290"},"modified":"2015-11-06T20:51:27","modified_gmt":"2015-11-06T19:51:27","slug":"audi-schanzer-fussballschule-kommt-zur-djk","status":"publish","type":"post","link":"https:\/\/www.djk-erlangen.de\/fussball\/?p=13290","title":{"rendered":"AUDI Schanzer Fu\u00dfballschule kommt zur DJK"},"content":{"rendered":"<p>erstmals in der Vereinsgeschichte ist es uns gelungen zu dem bereits fest installierten Fu\u00dfballcamp in der zweiten Woche der Pfingstferien (23.05 \u2013 27.05.16) eine weitere Fu\u00dfballwoche bei der DJK durch die AUDI Schanzer Fu\u00dfballschule anzubieten.<\/p>\n<p>&nbsp;<\/p>\n<p><!--more--><\/p>\n<p>&nbsp;<\/p>\n<p>Termin 05.09.16 \u2013 09.09.16<\/p>\n<p>Gerade auch der Termin zum Ende der Sommerferien kann sinnvoll als Vorbereitung auf die neue Saison genutzt werden.<\/p>\n<div class=\"text_exposed_show\">\n<p>Die Kinder werden jeweils von Montag \u2013 Freitag fachm\u00e4nnisch betreut und k\u00f6nnen so Ihre fu\u00dfballerischen F\u00e4higkeiten weiter f\u00f6rdern.<\/p>\n<p>Nachdem f\u00fcr die AUDI Schanzer Fu\u00dfballschule die Teilnehmerzahl begrenzt ist, k\u00f6nnt Ihr ab sofort einen der begehrten Startpl\u00e4tze HIER buchen und f\u00fcr Euch reservieren:<\/p>\n<p><a href=\"https:\/\/www.facebook.com\/l.php?u=https%3A%2F%2Fwww.audi-schanzer-fussballschule.de%2Fanmeldung%2Fferiencamp%2F&amp;h=rAQEMThAIAQE0YVxG5QUXEsZUnX1zw-ixX-yf3UgFPKS6Gg&amp;enc=AZOtJuBe2Yeiw9pZq9QODvyaoT3KRz4WUEXYjYr-Xgva2gKFoffdqeRbVqOIE-clKA1Rz7yRlCXpgLapabjMUdNb7dNTj-XOgZkbEn7tL-XjJgb-bZHYbx6UYRls4vsSG9Tav6ydv0aDX-JAGa1usX6vdsZqT9gje6BGl3TdUaKuszf4WRnFmMvhvhqvHcFlr9vDk7TwrcBgfYzpg5QZpXwN&amp;s=1\" target=\"_blank\" rel=\"nofollow\">https:\/\/www.audi-schanzer-fussballschule.de\/anm\u2026\/feriencamp\/<\/a><\/p>\n<p>Einfach auf \u201e Will als Gast fortfahren\u201c klicken,<\/p>\n<\/div>\n","protected":false},"excerpt":{"rendered":"<p>erstmals in der Vereinsgeschichte ist es uns gelungen zu dem bereits fest installierten Fu\u00dfballcamp in der zweiten Woche der Pfingstferien (23.05 \u2013 27.05.16) eine weitere Fu\u00dfballwoche bei der DJK durch die AUDI Schanzer Fu\u00dfballschule anzubieten. &nbsp;<\/p>\n","protected":false},"author":2,"featured_media":0,"comment_status":"open","ping_status":"closed","sticky":false,"template":"","format":"standard","meta":{"jetpack_post_was_ever_published":false,"_jetpack_newsletter_access":"","_jetpack_dont_email_post_to_subs":false,"_jetpack_newsletter_tier_id":0,"_jetpack_memberships_contains_paywalled_content":false,"_jetpack_memberships_contains_paid_content":false,"footnotes":"","jetpack_publicize_message":"","jetpack_publicize_feature_enabled":true,"jetpack_social_post_already_shared":true,"jetpack_social_options":{"image_generator_settings":{"template":"highway","default_image_id":0,"font":"","enabled":false},"version":2}},"categories":[48,49,42,43,44,47,8,26,27,10,34,35,41,11,45,46,14,51,50,15],"tags":[],"class_list":["post-13290","post","type-post","status-publish","format-standard","hentry","category-u10","category-u10-e3","category-u10-e3-i","category-u10-e3-ii","category-u10-e3-iii","category-u11","category-u11-e1","category-u11-e2","category-u11-e3","category-u13","category-u13-d1","category-u13-d2","category-u13-d3","category-u15","category-u15-c1","category-u15-c2","category-u7","category-u8-f3","category-u9","category-u9-f1"],"jetpack_publicize_connections":[],"jetpack_featured_media_url":"","jetpack_shortlink":"https:\/\/wp.me\/p2ZUr0-3sm","jetpack_sharing_enabled":true,"_links":{"self":[{"href":"https:\/\/www.djk-erlangen.de\/fussball\/index.php?rest_route=\/wp\/v2\/posts\/13290","targetHints":{"allow":["GET"]}}],"collection":[{"href":"https:\/\/www.djk-erlangen.de\/fussball\/index.php?rest_route=\/wp\/v2\/posts"}],"about":[{"href":"https:\/\/www.djk-erlangen.de\/fussball\/index.php?rest_route=\/wp\/v2\/types\/post"}],"author":[{"embeddable":true,"href":"https:\/\/www.djk-erlangen.de\/fussball\/index.php?rest_route=\/wp\/v2\/users\/2"}],"replies":[{"embeddable":true,"href":"https:\/\/www.djk-erlangen.de\/fussball\/index.php?rest_route=%2Fwp%2Fv2%2Fcomments&post=13290"}],"version-history":[{"count":1,"href":"https:\/\/www.djk-erlangen.de\/fussball\/index.php?rest_route=\/wp\/v2\/posts\/13290\/revisions"}],"predecessor-version":[{"id":13291,"href":"https:\/\/www.djk-erlangen.de\/fussball\/index.php?rest_route=\/wp\/v2\/posts\/13290\/revisions\/13291"}],"wp:attachment":[{"href":"https:\/\/www.djk-erlangen.de\/fussball\/index.php?rest_route=%2Fwp%2Fv2%2Fmedia&parent=13290"}],"wp:term":[{"taxonomy":"category","embeddable":true,"href":"https:\/\/www.djk-erlangen.de\/fussball\/index.php?rest_route=%2Fwp%2Fv2%2Fcategories&post=13290"},{"taxonomy":"post_tag","embeddable":true,"href":"https:\/\/www.djk-erlangen.de\/fussball\/index.php?rest_route=%2Fwp%2Fv2%2Ftags&post=13290"}],"curies":[{"name":"wp","href":"https:\/\/api.w.org\/{rel}","templated":true}]}}