{"id":13281,"date":"2015-11-01T13:41:59","date_gmt":"2015-11-01T12:41:59","guid":{"rendered":"http:\/\/www.djk-erlangen.de\/fussball\/?p=13281"},"modified":"2015-11-01T13:42:53","modified_gmt":"2015-11-01T12:42:53","slug":"c-1-bleibt-auf-tuchfuehlung","status":"publish","type":"post","link":"https:\/\/www.djk-erlangen.de\/fussball\/?p=13281","title":{"rendered":"C-1 bleibt auf Tuchf\u00fchlung"},"content":{"rendered":"<p>Am heutige Sonntag morgen f\u00fchrte der Weg der C1 zum SV Schwaig bei N\u00fcrnberg. Die Richtung war klar vorgeben, denn nur mit einem Sieg behielt man sich die Chance bis zum letzten Spieltag, um die begehrten Pl\u00e4tze f\u00fcr die Aufstiegsrunde.<\/p>\n<p><!--more--><\/p>\n<p>Die Jungs waren von der ersten Spielminunte auf dem wundersch\u00f6nen Sportgel\u00e4nde\u00a0 hellwach und konnten durch einen Doppelschlag von Manu in der 7. und 9. Minute fr\u00fchzeitig mit 0:2 in F\u00fchrung gehen. Im weiteren Spielverlauf vers\u00e4umte die DJK das Spiel vorzeitig zu entscheiden, da man den Hausherren in allen Belangen \u00fcberlegen war. Leider konnte die Vielzahl an Torchancen nicht genutzt werden und so dauerte es bis zur 24. Spielminunte ehe Luca auf 0:3 einschieben konnte. Mit diesem Resultat wechselte man dann auch die Seiten.<\/p>\n<p>Im zweiten Spielabschnitt sorgte dann nach 7 gespielten Minuten erneut Manu mit dem 0:4 f\u00fcr die Vorentscheidung. In der 53. Spielminute bekamen die Wiesenwegbuben nach einem Foul an Daniel und einer daraus resultierenden Zeitstrafe f\u00fcr die Hausherren einen Strafsto\u00df zugesprochen. Leider wurde dieser knapp neben das Geh\u00e4use geschossen. So kamen wir nach 59 gespielten Minuten aus dem Get\u00fcmmel heraus durch Timm zum 0:5. Einen weiteren Treffer steuerte dann Yannick bei, der nach einem sch\u00f6nen Pa\u00df von Daniel direkt in die Schnittstelle nur noch den gegnerischen Torw\u00e4chter vor sich hatte und zum Abschlu\u00df kam. F\u00fcr den Schlu\u00dfpunkt sorgte dann erneut Manu der seine tatellose Leistung am heutigen Tag mit seinem vierten Treffer kr\u00f6nte.<\/p>\n<p>So konnte man verdient mit 3 Punkten im Sack wieder die Heimreise in den Wiesengrund antreten und sich mit aller Konzentration auf die beiden verbleibenden Spiele in der w\u00f6chentlichen Trainingsarbeit vorbereiten. Noch haben wir es selber in der Hand die Qualifikation f\u00fcr die Aufstiegsrunde im Fr\u00fchjahr aus eigener Kraft zu schaffen.<\/p>\n<p>DJK Aufgebot:<br \/>\nLuis; Tim; Daniel; Ali-Alex; Oliver; Lorenz; Manu; Timm; Flo; Jojo; Luca; Yannick; Felix<\/p>\n<p>DJK Tore:<br \/>\nManu (4); Luca (1); Yannick (1); Timm (1);<\/p>\n","protected":false},"excerpt":{"rendered":"<p>Am heutige Sonntag morgen f\u00fchrte der Weg der C1 zum SV Schwaig bei N\u00fcrnberg. Die Richtung war klar vorgeben, denn nur mit einem Sieg behielt man sich die Chance bis zum letzten Spieltag, um die begehrten Pl\u00e4tze f\u00fcr die Aufstiegsrunde.<\/p>\n","protected":false},"author":32,"featured_media":0,"comment_status":"open","ping_status":"closed","sticky":false,"template":"","format":"standard","meta":{"jetpack_post_was_ever_published":false,"_jetpack_newsletter_access":"","_jetpack_dont_email_post_to_subs":false,"_jetpack_newsletter_tier_id":0,"_jetpack_memberships_contains_paywalled_content":false,"_jetpack_memberships_contains_paid_content":false,"footnotes":"","jetpack_publicize_message":"","jetpack_publicize_feature_enabled":true,"jetpack_social_post_already_shared":true,"jetpack_social_options":{"image_generator_settings":{"template":"highway","default_image_id":0,"font":"","enabled":false},"version":2}},"categories":[1,45],"tags":[],"class_list":["post-13281","post","type-post","status-publish","format-standard","hentry","category-allgemein","category-u15-c1"],"jetpack_publicize_connections":[],"jetpack_featured_media_url":"","jetpack_shortlink":"https:\/\/wp.me\/p2ZUr0-3sd","jetpack_sharing_enabled":true,"_links":{"self":[{"href":"https:\/\/www.djk-erlangen.de\/fussball\/index.php?rest_route=\/wp\/v2\/posts\/13281","targetHints":{"allow":["GET"]}}],"collection":[{"href":"https:\/\/www.djk-erlangen.de\/fussball\/index.php?rest_route=\/wp\/v2\/posts"}],"about":[{"href":"https:\/\/www.djk-erlangen.de\/fussball\/index.php?rest_route=\/wp\/v2\/types\/post"}],"author":[{"embeddable":true,"href":"https:\/\/www.djk-erlangen.de\/fussball\/index.php?rest_route=\/wp\/v2\/users\/32"}],"replies":[{"embeddable":true,"href":"https:\/\/www.djk-erlangen.de\/fussball\/index.php?rest_route=%2Fwp%2Fv2%2Fcomments&post=13281"}],"version-history":[{"count":1,"href":"https:\/\/www.djk-erlangen.de\/fussball\/index.php?rest_route=\/wp\/v2\/posts\/13281\/revisions"}],"predecessor-version":[{"id":13282,"href":"https:\/\/www.djk-erlangen.de\/fussball\/index.php?rest_route=\/wp\/v2\/posts\/13281\/revisions\/13282"}],"wp:attachment":[{"href":"https:\/\/www.djk-erlangen.de\/fussball\/index.php?rest_route=%2Fwp%2Fv2%2Fmedia&parent=13281"}],"wp:term":[{"taxonomy":"category","embeddable":true,"href":"https:\/\/www.djk-erlangen.de\/fussball\/index.php?rest_route=%2Fwp%2Fv2%2Fcategories&post=13281"},{"taxonomy":"post_tag","embeddable":true,"href":"https:\/\/www.djk-erlangen.de\/fussball\/index.php?rest_route=%2Fwp%2Fv2%2Ftags&post=13281"}],"curies":[{"name":"wp","href":"https:\/\/api.w.org\/{rel}","templated":true}]}}