{"id":13240,"date":"2015-10-25T16:00:32","date_gmt":"2015-10-25T15:00:32","guid":{"rendered":"http:\/\/www.djk-erlangen.de\/fussball\/?p=13240"},"modified":"2015-10-25T16:00:32","modified_gmt":"2015-10-25T15:00:32","slug":"c-1-empfindlicher-daempfer","status":"publish","type":"post","link":"https:\/\/www.djk-erlangen.de\/fussball\/?p=13240","title":{"rendered":"C-1 empfindlicher D\u00e4mpfer"},"content":{"rendered":"<p>Nach der Niederlage vom vergangenen Samstag wollte man am heutige Spieltag Wiedergutmachung betreiben. Zu Gast am Wiesengrund war die gro\u00dfe Unbekannte in Form des FC Eschenau.<\/p>\n<p><!--more--><\/p>\n<p>Gleich zu Spielbeginn merkte man, da\u00df hier und heute wenig zu ernten ist. Die G\u00e4ste -alle jahrgangs\u00e4lter- kauften uns sofort den Schneid ab und gingen binnen k\u00fcrzester Zeit mit 0:2 in F\u00fchrung. Leider gelang uns bei einem unserer wenigen Entlastungsangriffe nicht postwendend der Anschlu\u00dftreffer zu erzielen und so konnten die Eschenauer durch zwei Standardsituationen das Ergebnis m\u00fchelos auf 0:4 stellen. Noch vor der Halbzeit mu\u00dften wir zwei weitere Treffer hinnehmen und<br \/>\nso stand es bereits zur Pause aussichtslos 0:6 f\u00fcr den 1. FC Eschenau.<\/p>\n<p>Im zweiten Spielabschnitt war man dann nur noch auf Schadensbegrenzung aus und fand trotz des hohen R\u00fcckstands doch noch einigerma\u00dfen ins Spiel zur\u00fcck. Die uns in allen Belangen \u00fcberlegenen G\u00e4ste konnten durch zwei weitere Treffer das Resultat empfindlich nach oben schrauben, ehe 10 Minuten vor Schlu\u00df durch Ari etwas Ergebniskosmetik betrieben werden konnte. F\u00fcr den Schlu\u00dfpunkt sorgten dann wieder die G\u00e4ste, welche mit dem neunten Tor auch das Endergebnis markierten.<\/p>\n<p>So hat sich nach der zweiten Niederlagen in Folge die Ausgangslage erheblich verschlechtert, um noch einen der begehrten Pl\u00e4tze f\u00fcr die Aufstiegsrunde zu belegen, zumal wir mit Behringsdorf und Uttenreuth noch zwei direkte Mitstreiter um die Qualipl\u00e4tze vor der Brust haben. Die kommenden Wochen werden es zeigen, ob sich die blutjunge Mannschaft diesen Herausforderungen schadlos stellen kann.<\/p>\n<p>DJK Aufgebot<br \/>\nLuis; Tim; Daniel; Ali-Alex; Oliver; Lorenz; Luca; Manu; Ari; Timm; Flo; Lasse; Jojo; Sebastian; Yannick<\/p>\n<p>Tor<br \/>\nAri (1)<\/p>\n","protected":false},"excerpt":{"rendered":"<p>Nach der Niederlage vom vergangenen Samstag wollte man am heutige Spieltag Wiedergutmachung betreiben. Zu Gast am Wiesengrund war die gro\u00dfe Unbekannte in Form des FC Eschenau.<\/p>\n","protected":false},"author":32,"featured_media":0,"comment_status":"open","ping_status":"closed","sticky":false,"template":"","format":"standard","meta":{"jetpack_post_was_ever_published":false,"_jetpack_newsletter_access":"","_jetpack_dont_email_post_to_subs":false,"_jetpack_newsletter_tier_id":0,"_jetpack_memberships_contains_paywalled_content":false,"_jetpack_memberships_contains_paid_content":false,"footnotes":"","jetpack_publicize_message":"","jetpack_publicize_feature_enabled":true,"jetpack_social_post_already_shared":true,"jetpack_social_options":{"image_generator_settings":{"template":"highway","default_image_id":0,"font":"","enabled":false},"version":2}},"categories":[45],"tags":[],"class_list":["post-13240","post","type-post","status-publish","format-standard","hentry","category-u15-c1"],"jetpack_publicize_connections":[],"jetpack_featured_media_url":"","jetpack_shortlink":"https:\/\/wp.me\/p2ZUr0-3ry","jetpack_sharing_enabled":true,"_links":{"self":[{"href":"https:\/\/www.djk-erlangen.de\/fussball\/index.php?rest_route=\/wp\/v2\/posts\/13240","targetHints":{"allow":["GET"]}}],"collection":[{"href":"https:\/\/www.djk-erlangen.de\/fussball\/index.php?rest_route=\/wp\/v2\/posts"}],"about":[{"href":"https:\/\/www.djk-erlangen.de\/fussball\/index.php?rest_route=\/wp\/v2\/types\/post"}],"author":[{"embeddable":true,"href":"https:\/\/www.djk-erlangen.de\/fussball\/index.php?rest_route=\/wp\/v2\/users\/32"}],"replies":[{"embeddable":true,"href":"https:\/\/www.djk-erlangen.de\/fussball\/index.php?rest_route=%2Fwp%2Fv2%2Fcomments&post=13240"}],"version-history":[{"count":1,"href":"https:\/\/www.djk-erlangen.de\/fussball\/index.php?rest_route=\/wp\/v2\/posts\/13240\/revisions"}],"predecessor-version":[{"id":13241,"href":"https:\/\/www.djk-erlangen.de\/fussball\/index.php?rest_route=\/wp\/v2\/posts\/13240\/revisions\/13241"}],"wp:attachment":[{"href":"https:\/\/www.djk-erlangen.de\/fussball\/index.php?rest_route=%2Fwp%2Fv2%2Fmedia&parent=13240"}],"wp:term":[{"taxonomy":"category","embeddable":true,"href":"https:\/\/www.djk-erlangen.de\/fussball\/index.php?rest_route=%2Fwp%2Fv2%2Fcategories&post=13240"},{"taxonomy":"post_tag","embeddable":true,"href":"https:\/\/www.djk-erlangen.de\/fussball\/index.php?rest_route=%2Fwp%2Fv2%2Ftags&post=13240"}],"curies":[{"name":"wp","href":"https:\/\/api.w.org\/{rel}","templated":true}]}}