{"id":13223,"date":"2015-10-17T13:54:23","date_gmt":"2015-10-17T11:54:23","guid":{"rendered":"http:\/\/www.djk-erlangen.de\/fussball\/?p=13223"},"modified":"2015-10-17T13:54:23","modified_gmt":"2015-10-17T11:54:23","slug":"c-1nichts-zu-holen-in-der-fremde","status":"publish","type":"post","link":"https:\/\/www.djk-erlangen.de\/fussball\/?p=13223","title":{"rendered":"C-1nichts zu holen in der Fremde"},"content":{"rendered":"<p>Mit einem stark dezimierten Kader ging es heute in den Stadtosten zur Spielvereiningung. Gerade mal 11 Kicker konnte man noch aufbieten um das Spiel durchzuf\u00fchren.<\/p>\n<p><!--more--><\/p>\n<p>Auf dem rutschigen Gel\u00e4uf kamen die Hausherren besser in Spiel und gingen auch relativ schnell in F\u00fchrung. Dieses Gegentor sch\u00fcchterte unsere wacker k\u00e4mpfenden Wiesenwegbuben anscheinend etwas ein und so kam die Spieli aus dem Get\u00fcmmel im eigenen Strafraum auch unbeschwert zum 2:0. Mit zunehmenden Spielverlauf kamen wir besser ins Spiel und konnten vor der Pause durch einen sch\u00f6n herausgespielten Gegensto\u00df durch Manu auf 2:1 verk\u00fcrzen. Dieses Resultat war dann auch der Pausenstand.<\/p>\n<p>Im zweiten Spielabschnitt wollten wir unbedingt den Ausgleich erzielen, aber die Heimelf machte uns einen Strich durch die Rechnung und erzielte das 3:1. Im weiteren Spielverlauf schwanden mehr und mehr die Kr\u00e4fte bei den Wiesenwegbuben und so mu\u00dften wir final noch einen weiteren Gegentreffer hinnehmen.<\/p>\n<p>Trotz des dann doch deutlichen Resultats konnte man gut damit leben, da jeder der auf dem Platz stand alles gegeben hat. Hervorheben mu\u00df man jedoch unseren Interimskapit\u00e4n Lorenz und seinen Nebenmann Ali-Alex die Ihre Defensive ordenlich organisiert hatten und durch ihren unerm\u00fcdlichen Einsatz weitere Einschu\u00dfm\u00f6glichkeiten zu nichte machten. Auch unser Torw\u00e4chter hatte heute einen gl\u00e4nzenden Tag und verhinderte durch seine Paraden eine h\u00f6here Niederlage.<\/p>\n<p>Jetzt gilt es die Niederlage abzuhaken und den Fokus auf die n\u00e4chsten Wochen auszurichten wo uns hoffentlich dann auch unsere angeschlagenen Spieler wieder zur Verf\u00fcgung stehen!<\/p>\n<p>DJK Aufgebot:<br \/>\nLuis; Tim; Ali-Alex; Lorenz; Benedikt; Manu; Timm; Luca; Lasse; Sebastian;Yannick<\/p>\n<p>Tore<br \/>\nManu (1)<\/p>\n","protected":false},"excerpt":{"rendered":"<p>Mit einem stark dezimierten Kader ging es heute in den Stadtosten zur Spielvereiningung. Gerade mal 11 Kicker konnte man noch aufbieten um das Spiel durchzuf\u00fchren.<\/p>\n","protected":false},"author":32,"featured_media":0,"comment_status":"open","ping_status":"closed","sticky":false,"template":"","format":"standard","meta":{"jetpack_post_was_ever_published":false,"_jetpack_newsletter_access":"","_jetpack_dont_email_post_to_subs":false,"_jetpack_newsletter_tier_id":0,"_jetpack_memberships_contains_paywalled_content":false,"_jetpack_memberships_contains_paid_content":false,"footnotes":"","jetpack_publicize_message":"","jetpack_publicize_feature_enabled":true,"jetpack_social_post_already_shared":true,"jetpack_social_options":{"image_generator_settings":{"template":"highway","default_image_id":0,"font":"","enabled":false},"version":2}},"categories":[45],"tags":[],"class_list":["post-13223","post","type-post","status-publish","format-standard","hentry","category-u15-c1"],"jetpack_publicize_connections":[],"jetpack_featured_media_url":"","jetpack_shortlink":"https:\/\/wp.me\/p2ZUr0-3rh","jetpack_sharing_enabled":true,"_links":{"self":[{"href":"https:\/\/www.djk-erlangen.de\/fussball\/index.php?rest_route=\/wp\/v2\/posts\/13223","targetHints":{"allow":["GET"]}}],"collection":[{"href":"https:\/\/www.djk-erlangen.de\/fussball\/index.php?rest_route=\/wp\/v2\/posts"}],"about":[{"href":"https:\/\/www.djk-erlangen.de\/fussball\/index.php?rest_route=\/wp\/v2\/types\/post"}],"author":[{"embeddable":true,"href":"https:\/\/www.djk-erlangen.de\/fussball\/index.php?rest_route=\/wp\/v2\/users\/32"}],"replies":[{"embeddable":true,"href":"https:\/\/www.djk-erlangen.de\/fussball\/index.php?rest_route=%2Fwp%2Fv2%2Fcomments&post=13223"}],"version-history":[{"count":1,"href":"https:\/\/www.djk-erlangen.de\/fussball\/index.php?rest_route=\/wp\/v2\/posts\/13223\/revisions"}],"predecessor-version":[{"id":13224,"href":"https:\/\/www.djk-erlangen.de\/fussball\/index.php?rest_route=\/wp\/v2\/posts\/13223\/revisions\/13224"}],"wp:attachment":[{"href":"https:\/\/www.djk-erlangen.de\/fussball\/index.php?rest_route=%2Fwp%2Fv2%2Fmedia&parent=13223"}],"wp:term":[{"taxonomy":"category","embeddable":true,"href":"https:\/\/www.djk-erlangen.de\/fussball\/index.php?rest_route=%2Fwp%2Fv2%2Fcategories&post=13223"},{"taxonomy":"post_tag","embeddable":true,"href":"https:\/\/www.djk-erlangen.de\/fussball\/index.php?rest_route=%2Fwp%2Fv2%2Ftags&post=13223"}],"curies":[{"name":"wp","href":"https:\/\/api.w.org\/{rel}","templated":true}]}}