{"id":13215,"date":"2015-10-11T14:08:40","date_gmt":"2015-10-11T12:08:40","guid":{"rendered":"http:\/\/www.djk-erlangen.de\/fussball\/?p=13215"},"modified":"2015-10-11T15:24:42","modified_gmt":"2015-10-11T13:24:42","slug":"c-1geht-mit-heimsieg-in-die-wochen-der-wahrheit","status":"publish","type":"post","link":"https:\/\/www.djk-erlangen.de\/fussball\/?p=13215","title":{"rendered":"C-1geht mit Heimsieg in die Wochen der Wahrheit"},"content":{"rendered":"<p>Herrliches Fu\u00dfballwetter bescherte uns der Fu\u00dfballgott zum heutigen Matchday zuhause gegen\u00a0 den VdS Spardorf. Dementsprechend befl\u00fcgelt ging man auch die Partie an. Von der ersten Spielminute bestimmte man das Geschehen auf dem Platz und lie\u00df die G\u00e4ste kaum zur Entfaltung kommen.<br \/>\n<!--more--><\/p>\n<p>&nbsp;<\/p>\n<p>So gingen wir auch in der 7. Spielminute durch einen wundersch\u00f6n getretenen Freisto\u00df von unserem &#8222;Capitano&#8220; Oliver mit 1:0 in F\u00fchrung. In der Folgezeit der Begegnung h\u00e4tte unser Sommerneuzugang Manu die Partie eigentlich vorzeitig entscheiden m\u00fcssen. Aber leider konnte dieser seine zahlreichen Torchancen nicht in was z\u00e4hlbares umwandeln. So dauerte es dann bis zur 34. Spielminute dass wir durch B\u00fcffel Benedikt die Anzeigentafel auf 2:0 stellen konnten. Mit diesem Zwischenstand ging man dann auch in die Pause.<\/p>\n<p>Im zweiten Spielabschnitt rotierte der Trainer ein wenig und der Spielflu\u00df war nicht mehr in dem Ma\u00dfe vorhanden wie in der ersten Halbzeit. Nach einer sch\u00f6nen Hereingabe von Lasse stand Jojo goldrichtig und bef\u00f6rderte das Spielger\u00e4t zum 3:0 in die Maschen. Das 4:0 resultierte aus einer sch\u00f6nen Einzelleistung von Timm, der sich gegen den gesamten Abwehrverbund der G\u00e4ste durchtankte und sich mit diesem Treffer belohnte.\u00a0 Einziger Wehrmutstropfen war dann der Gegentreffer, welchen Jakob Sch. nach einem Foul im Sechzehner mit dem f\u00e4lligen Strafsto\u00df abschlo\u00df.<\/p>\n<p>In der Schlu\u00dfphase der Begegnung war wieder unser Toptorj\u00e4ger Ari zur Stelle der mit einem Doppelpack in der 68. und 70. Spielminute die Verh\u00e4ltnisse wieder gerade r\u00fcckte. So fuhr man im 3ten Pflichtspiel den dritten Dreier ein und hat sich im oberen Tabellenbereich ein wenig festgesetzt. Was die Platzierung jedoch wert ist wird sich in den n\u00e4chsten Wochen zeigen, wenn es gegen die unmittelbaren Tabellennachbarn geht. Bereits am kommenden Samstag geht es gegen den ungeschlagenen Tabellenf\u00fchrer die Spielvereiningung Erlangen.<\/p>\n<p>DJK Aufgebot:<br \/>\nLuis; Tim; Daniel; Ali-Alex; Oliver; Lorenz; Benedikt; Manu; Arijan; Timm; Lasse; Jojo; Sebastian; Luca; Yannick<\/p>\n<p>Tore:<br \/>\nAri (2); Benedikt (1); Jojo (1); Oli (1); Timm (1)<\/p>\n","protected":false},"excerpt":{"rendered":"<p>Herrliches Fu\u00dfballwetter bescherte uns der Fu\u00dfballgott zum heutigen Matchday zuhause gegen\u00a0 den VdS Spardorf. Dementsprechend befl\u00fcgelt ging man auch die Partie an. Von der ersten Spielminute bestimmte man das Geschehen auf dem Platz und lie\u00df die G\u00e4ste kaum zur Entfaltung &hellip; <a href=\"https:\/\/www.djk-erlangen.de\/fussball\/?p=13215\">Weiterlesen <span class=\"meta-nav\">&rarr;<\/span><\/a><\/p>\n","protected":false},"author":32,"featured_media":0,"comment_status":"open","ping_status":"closed","sticky":false,"template":"","format":"standard","meta":{"jetpack_post_was_ever_published":false,"_jetpack_newsletter_access":"","_jetpack_dont_email_post_to_subs":false,"_jetpack_newsletter_tier_id":0,"_jetpack_memberships_contains_paywalled_content":false,"_jetpack_memberships_contains_paid_content":false,"footnotes":"","jetpack_publicize_message":"","jetpack_publicize_feature_enabled":true,"jetpack_social_post_already_shared":true,"jetpack_social_options":{"image_generator_settings":{"template":"highway","default_image_id":0,"font":"","enabled":false},"version":2}},"categories":[45],"tags":[],"class_list":["post-13215","post","type-post","status-publish","format-standard","hentry","category-u15-c1"],"jetpack_publicize_connections":[],"jetpack_featured_media_url":"","jetpack_shortlink":"https:\/\/wp.me\/p2ZUr0-3r9","jetpack_sharing_enabled":true,"_links":{"self":[{"href":"https:\/\/www.djk-erlangen.de\/fussball\/index.php?rest_route=\/wp\/v2\/posts\/13215","targetHints":{"allow":["GET"]}}],"collection":[{"href":"https:\/\/www.djk-erlangen.de\/fussball\/index.php?rest_route=\/wp\/v2\/posts"}],"about":[{"href":"https:\/\/www.djk-erlangen.de\/fussball\/index.php?rest_route=\/wp\/v2\/types\/post"}],"author":[{"embeddable":true,"href":"https:\/\/www.djk-erlangen.de\/fussball\/index.php?rest_route=\/wp\/v2\/users\/32"}],"replies":[{"embeddable":true,"href":"https:\/\/www.djk-erlangen.de\/fussball\/index.php?rest_route=%2Fwp%2Fv2%2Fcomments&post=13215"}],"version-history":[{"count":2,"href":"https:\/\/www.djk-erlangen.de\/fussball\/index.php?rest_route=\/wp\/v2\/posts\/13215\/revisions"}],"predecessor-version":[{"id":13217,"href":"https:\/\/www.djk-erlangen.de\/fussball\/index.php?rest_route=\/wp\/v2\/posts\/13215\/revisions\/13217"}],"wp:attachment":[{"href":"https:\/\/www.djk-erlangen.de\/fussball\/index.php?rest_route=%2Fwp%2Fv2%2Fmedia&parent=13215"}],"wp:term":[{"taxonomy":"category","embeddable":true,"href":"https:\/\/www.djk-erlangen.de\/fussball\/index.php?rest_route=%2Fwp%2Fv2%2Fcategories&post=13215"},{"taxonomy":"post_tag","embeddable":true,"href":"https:\/\/www.djk-erlangen.de\/fussball\/index.php?rest_route=%2Fwp%2Fv2%2Ftags&post=13215"}],"curies":[{"name":"wp","href":"https:\/\/api.w.org\/{rel}","templated":true}]}}