{"id":13201,"date":"2015-10-06T18:26:22","date_gmt":"2015-10-06T16:26:22","guid":{"rendered":"http:\/\/www.djk-erlangen.de\/fussball\/?p=13201"},"modified":"2015-10-06T18:26:22","modified_gmt":"2015-10-06T16:26:22","slug":"d3-mannschaft-zwischenbilanz","status":"publish","type":"post","link":"https:\/\/www.djk-erlangen.de\/fussball\/?p=13201","title":{"rendered":"D3 Mannschaft &#8211; Zwischenbilanz"},"content":{"rendered":"<p>Nach reichlicher \u00dcberlegung und in Abstimmung mit den Eltern hatten wir uns entschieden, mit der 1. Mannschaft des Jahrgangs 2005 nicht altersgerecht als E1 (U11) in dieser Saison zu starten, sondern im Jahrgang h\u00f6her als D3 (U13).<br \/>\nSchon in den Vorbereitungsspielen (u.a. Carl Zeiss Jena, Feucht) war zu sehen, mit der Entscheidung liegen wir wahrscheinlich richtig. 4 Punktspiele mit 7 Punkten und 26 erzielten Toren sprechen jetzt eine deutliche Sprache.<br \/>\nNat\u00fcrlich werden wir uns das ein oder andere mal noch eine &#8222;blutige Nase&#8220; holen, das wird uns bei der Entwicklung aber nur helfen. Was ich besonders an dieser Mannschaft sch\u00e4tze, sie gibt niemals auf bzw. l\u00e4sst sich h\u00e4ngen.<br \/>\nBeispiel gef\u00e4llig: Beim letzten Punktspiel lag sie zur Halbzeit mit 0:5 hinten, nach einem k\u00e4mpferischen und l\u00e4uferischen Kraftakt konnte noch ein 5:5 rausgeholt werden, Respekt.<\/p>\n<p>Spielerisch sch\u00f6pft die Mannschaft ihr Potenzial noch nicht aus. Ist schon ein Unterschied zur letzten Saison im Kleinfeld und wenn dann mal ein 2 Jahre \u00e4lterer Spieler einem gegen\u00fcber steht &#8230;!<br \/>\nEs sind aber schon viele gute spielerische Ans\u00e4tze zu sehen, hier sind wir optimistisch.<\/p>\n<p>Mit der neuen Saison habe ich die Verantwortung an unseren neuen Trainer Uwe abgetreten und bin in die Rolle des Co-Trainers geschl\u00fcpft. Gleichzeitig habe ich mich als &#8222;Sportdirektor&#8220; der Mannschaft bef\u00f6rdert\u00a0 \ud83d\ude42 .<br \/>\nFazit: Uwe ist eine Bereicherung f\u00fcr die Mannschaft und die Chemie stimmt in allen Bereichen.<\/p>\n<p>Hier nochmal ein gro\u00dfes Danke an die Jugendleitung f\u00fcr die Unterst\u00fctzung.<\/p>\n<p>Gru\u00df<br \/>\nOlaf<\/p>\n<p>PS. Nat\u00fcrlich auch ein ganz gro\u00dfes Danke an Antje: Du bist unbezahlbar!<\/p>\n","protected":false},"excerpt":{"rendered":"<p>Nach reichlicher \u00dcberlegung und in Abstimmung mit den Eltern hatten wir uns entschieden, mit der 1. Mannschaft des Jahrgangs 2005 nicht altersgerecht als E1 (U11) in dieser Saison zu starten, sondern im Jahrgang h\u00f6her als D3 (U13). Schon in den &hellip; <a href=\"https:\/\/www.djk-erlangen.de\/fussball\/?p=13201\">Weiterlesen <span class=\"meta-nav\">&rarr;<\/span><\/a><\/p>\n","protected":false},"author":36,"featured_media":0,"comment_status":"open","ping_status":"closed","sticky":false,"template":"","format":"standard","meta":{"jetpack_post_was_ever_published":false,"_jetpack_newsletter_access":"","_jetpack_dont_email_post_to_subs":false,"_jetpack_newsletter_tier_id":0,"_jetpack_memberships_contains_paywalled_content":false,"_jetpack_memberships_contains_paid_content":false,"footnotes":"","jetpack_publicize_message":"","jetpack_publicize_feature_enabled":true,"jetpack_social_post_already_shared":true,"jetpack_social_options":{"image_generator_settings":{"template":"highway","default_image_id":0,"font":"","enabled":false},"version":2}},"categories":[1,8,41],"tags":[],"class_list":["post-13201","post","type-post","status-publish","format-standard","hentry","category-allgemein","category-u11-e1","category-u13-d3"],"jetpack_publicize_connections":[],"jetpack_featured_media_url":"","jetpack_shortlink":"https:\/\/wp.me\/p2ZUr0-3qV","jetpack_sharing_enabled":true,"_links":{"self":[{"href":"https:\/\/www.djk-erlangen.de\/fussball\/index.php?rest_route=\/wp\/v2\/posts\/13201","targetHints":{"allow":["GET"]}}],"collection":[{"href":"https:\/\/www.djk-erlangen.de\/fussball\/index.php?rest_route=\/wp\/v2\/posts"}],"about":[{"href":"https:\/\/www.djk-erlangen.de\/fussball\/index.php?rest_route=\/wp\/v2\/types\/post"}],"author":[{"embeddable":true,"href":"https:\/\/www.djk-erlangen.de\/fussball\/index.php?rest_route=\/wp\/v2\/users\/36"}],"replies":[{"embeddable":true,"href":"https:\/\/www.djk-erlangen.de\/fussball\/index.php?rest_route=%2Fwp%2Fv2%2Fcomments&post=13201"}],"version-history":[{"count":10,"href":"https:\/\/www.djk-erlangen.de\/fussball\/index.php?rest_route=\/wp\/v2\/posts\/13201\/revisions"}],"predecessor-version":[{"id":13211,"href":"https:\/\/www.djk-erlangen.de\/fussball\/index.php?rest_route=\/wp\/v2\/posts\/13201\/revisions\/13211"}],"wp:attachment":[{"href":"https:\/\/www.djk-erlangen.de\/fussball\/index.php?rest_route=%2Fwp%2Fv2%2Fmedia&parent=13201"}],"wp:term":[{"taxonomy":"category","embeddable":true,"href":"https:\/\/www.djk-erlangen.de\/fussball\/index.php?rest_route=%2Fwp%2Fv2%2Fcategories&post=13201"},{"taxonomy":"post_tag","embeddable":true,"href":"https:\/\/www.djk-erlangen.de\/fussball\/index.php?rest_route=%2Fwp%2Fv2%2Ftags&post=13201"}],"curies":[{"name":"wp","href":"https:\/\/api.w.org\/{rel}","templated":true}]}}