{"id":13173,"date":"2015-09-26T18:01:56","date_gmt":"2015-09-26T16:01:56","guid":{"rendered":"http:\/\/www.djk-erlangen.de\/fussball\/?p=13173"},"modified":"2015-09-26T18:01:56","modified_gmt":"2015-09-26T16:01:56","slug":"c-1-auch-in-der-fremde-erfolgreich","status":"publish","type":"post","link":"https:\/\/www.djk-erlangen.de\/fussball\/?p=13173","title":{"rendered":"C-1 auch in der Fremde erfolgreich"},"content":{"rendered":"<p>Am heutigen Samstag Mittag stand das erste Ausw\u00e4rtsspie der C-1 Jugendlichen auf dem Plan. Man war zu Gast beim FC St\u00f6ckach. Im Vorfeld mu\u00dften wir auf 5 Spieler aus dem Kader verzichten und weitere 2 gingen mit leichten Blessuren in die Begegnung.<\/p>\n<p><!--more--><\/p>\n<p>Mit dem Anpfiff der Schiedsrichterin waren wir hellwach und hatten nach Balleroberung auch gleich eine klare Einschu\u00dfm\u00f6glichkeit. Diese konnte nur durch ein klares Foulspiel im Strafraum verhindert werden. Den f\u00e4lligen Elfmeter verwandelte Dani in der 3. Spielminute zur 0:1 F\u00fchrung f\u00fcr die Wiesenwegbuben. In der Folgezeit der Partie hatten wir das Spiel jederzeit im Griff und hielten gegen die k\u00f6rperlich deutlich \u00fcberlegenen Hausherren jederzeit dagegen. Nach einem wundersch\u00f6nen Pa\u00df von Lasse in die Schnittstelle war unser B\u00fcffel zur Stelle und erh\u00f6hte in der 15. Spielminute auf 0:2.<\/p>\n<p>Wiederum unser B\u00fcffel sorgte noch vor der Pause f\u00fcr das 0:3 in der 27. Spielminute.<\/p>\n<p>Im zweiten Spielabschnitt fehlte uns dann aufgrund der fehlenden Alternativen von der Bank etwas die Spritzigkeit und die Hausherren kamen immer besser ins Spiel. Unsere Defensivabteilung hielt aber jeglichen Angriffen stand und konnte sich so bis zur 69. Minute den Attacken der St\u00f6ckacher erwehren. Den Fernschu\u00df von Sebastian G\u00f6bel sah unser Torw\u00e4chter etwas zu sp\u00e4t und so verk\u00fcrzte die Heimelf auf 1:3.<\/p>\n<p>Unmittelbar nach dem Ansto\u00df wurde Lasse unsanft gut 20 Meter vor dem gegnerischen Geh\u00e4use gefoult. Den daraus resultierenden Freisto\u00df verwandelte Dani recht souver\u00e4n zum verdienten 1:4 f\u00fcr die Wiesenwegbuben. Mit diesem Resultat trat man dann auch zufrieden wieder die Heimreise an und kann sich in den n\u00e4chsten Trainingseinheiten auf das n\u00e4chste Heimspiel gegen Spardorf vorbeiten. Vorher steht aber noch das schwere Spiel am 01.10. im Baupokal gegen Bubenreuth an.<\/p>\n<p>DJK Aufgebot<br \/>\nLuis; Tim; Daniel; Ali-Alex; Oliver; Lorenz; Benedikt; Jojo; Lasse; Sebastian; Luca; Yannick<\/p>\n<p>Tore:<br \/>\nBenedikt (2); Daniel (2)<\/p>\n","protected":false},"excerpt":{"rendered":"<p>Am heutigen Samstag Mittag stand das erste Ausw\u00e4rtsspie der C-1 Jugendlichen auf dem Plan. Man war zu Gast beim FC St\u00f6ckach. Im Vorfeld mu\u00dften wir auf 5 Spieler aus dem Kader verzichten und weitere 2 gingen mit leichten Blessuren in &hellip; <a href=\"https:\/\/www.djk-erlangen.de\/fussball\/?p=13173\">Weiterlesen <span class=\"meta-nav\">&rarr;<\/span><\/a><\/p>\n","protected":false},"author":32,"featured_media":0,"comment_status":"open","ping_status":"closed","sticky":false,"template":"","format":"standard","meta":{"jetpack_post_was_ever_published":false,"_jetpack_newsletter_access":"","_jetpack_dont_email_post_to_subs":false,"_jetpack_newsletter_tier_id":0,"_jetpack_memberships_contains_paywalled_content":false,"_jetpack_memberships_contains_paid_content":false,"footnotes":"","jetpack_publicize_message":"","jetpack_publicize_feature_enabled":true,"jetpack_social_post_already_shared":true,"jetpack_social_options":{"image_generator_settings":{"template":"highway","default_image_id":0,"font":"","enabled":false},"version":2}},"categories":[45],"tags":[],"class_list":["post-13173","post","type-post","status-publish","format-standard","hentry","category-u15-c1"],"jetpack_publicize_connections":[],"jetpack_featured_media_url":"","jetpack_shortlink":"https:\/\/wp.me\/p2ZUr0-3qt","jetpack_sharing_enabled":true,"_links":{"self":[{"href":"https:\/\/www.djk-erlangen.de\/fussball\/index.php?rest_route=\/wp\/v2\/posts\/13173","targetHints":{"allow":["GET"]}}],"collection":[{"href":"https:\/\/www.djk-erlangen.de\/fussball\/index.php?rest_route=\/wp\/v2\/posts"}],"about":[{"href":"https:\/\/www.djk-erlangen.de\/fussball\/index.php?rest_route=\/wp\/v2\/types\/post"}],"author":[{"embeddable":true,"href":"https:\/\/www.djk-erlangen.de\/fussball\/index.php?rest_route=\/wp\/v2\/users\/32"}],"replies":[{"embeddable":true,"href":"https:\/\/www.djk-erlangen.de\/fussball\/index.php?rest_route=%2Fwp%2Fv2%2Fcomments&post=13173"}],"version-history":[{"count":1,"href":"https:\/\/www.djk-erlangen.de\/fussball\/index.php?rest_route=\/wp\/v2\/posts\/13173\/revisions"}],"predecessor-version":[{"id":13174,"href":"https:\/\/www.djk-erlangen.de\/fussball\/index.php?rest_route=\/wp\/v2\/posts\/13173\/revisions\/13174"}],"wp:attachment":[{"href":"https:\/\/www.djk-erlangen.de\/fussball\/index.php?rest_route=%2Fwp%2Fv2%2Fmedia&parent=13173"}],"wp:term":[{"taxonomy":"category","embeddable":true,"href":"https:\/\/www.djk-erlangen.de\/fussball\/index.php?rest_route=%2Fwp%2Fv2%2Fcategories&post=13173"},{"taxonomy":"post_tag","embeddable":true,"href":"https:\/\/www.djk-erlangen.de\/fussball\/index.php?rest_route=%2Fwp%2Fv2%2Ftags&post=13173"}],"curies":[{"name":"wp","href":"https:\/\/api.w.org\/{rel}","templated":true}]}}