{"id":13167,"date":"2015-09-23T21:30:48","date_gmt":"2015-09-23T19:30:48","guid":{"rendered":"http:\/\/www.djk-erlangen.de\/fussball\/?p=13167"},"modified":"2015-11-07T21:13:11","modified_gmt":"2015-11-07T20:13:11","slug":"u8-testet-erfolgreich-beim-bsc-erlangen","status":"publish","type":"post","link":"https:\/\/www.djk-erlangen.de\/fussball\/?p=13167","title":{"rendered":"U8 testet erfolgreich beim BSC Erlangen"},"content":{"rendered":"<p>Am MIttwoch Abend stand ein kleiner Test an der Schallershofer Str. f\u00fcr die Jungs an.<\/p>\n<p>Gegen\u00fcber stand die F1 des BSC Erlangen. Mit breiter Brust ging es aufs Feld!<\/p>\n<p>Gespielt wurden drei mal 15 min. mit kurzen Pausen.<\/p>\n<p>Die DJK nutzte direkt die erste Chance nach drei gespielten Minuten um in F\u00fchrung zugehen, deshalb stand es v\u00f6llig verdient 6:0 nach einer Viertelstunde.<\/p>\n<p>In Halbzeit zwei wurde viel rotiert. Leider konnte man nicht an die Starke erste H\u00e4lfte ankn\u00fcpfen, jedoch lag das auch an den Kraftverh\u00e4ltnissen!<\/p>\n<p>nach einer halben Stunde stand es 9:2! 2 ungl\u00fcckliche Eigentore brachten die Null zum wackeln.<\/p>\n<p>In Halbzeit drei waren die Beine von beiden Mannschaften schwer und es ging nur noch schleppend nach vorne.<\/p>\n<p>Doch die \u00fcberragende Offensive des DJK Erlangen machte kurzen Prozess und setzte innerhalb kurzer Zeit mit zwei weiteren Toren den Schlusspunkt!<\/p>\n<p>Entstand lautete 11:2.<\/p>\n<p>Klasse gespielt Jungs!<\/p>\n<p>&nbsp;<\/p>\n","protected":false},"excerpt":{"rendered":"<p>Am MIttwoch Abend stand ein kleiner Test an der Schallershofer Str. f\u00fcr die Jungs an. Gegen\u00fcber stand die F1 des BSC Erlangen. Mit breiter Brust ging es aufs Feld! Gespielt wurden drei mal 15 min. mit kurzen Pausen. Die DJK &hellip; <a href=\"https:\/\/www.djk-erlangen.de\/fussball\/?p=13167\">Weiterlesen <span class=\"meta-nav\">&rarr;<\/span><\/a><\/p>\n","protected":false},"author":47,"featured_media":0,"comment_status":"open","ping_status":"closed","sticky":false,"template":"","format":"standard","meta":{"jetpack_post_was_ever_published":false,"_jetpack_newsletter_access":"","_jetpack_dont_email_post_to_subs":false,"_jetpack_newsletter_tier_id":0,"_jetpack_memberships_contains_paywalled_content":false,"_jetpack_memberships_contains_paid_content":false,"footnotes":"","jetpack_publicize_message":"","jetpack_publicize_feature_enabled":true,"jetpack_social_post_already_shared":true,"jetpack_social_options":{"image_generator_settings":{"template":"highway","default_image_id":0,"font":"","enabled":false},"version":2}},"categories":[39,51,37],"tags":[],"class_list":["post-13167","post","type-post","status-publish","format-standard","hentry","category-u8","category-u8-f3","category-u8-f3-1"],"jetpack_publicize_connections":[],"jetpack_featured_media_url":"","jetpack_shortlink":"https:\/\/wp.me\/p2ZUr0-3qn","jetpack_sharing_enabled":true,"_links":{"self":[{"href":"https:\/\/www.djk-erlangen.de\/fussball\/index.php?rest_route=\/wp\/v2\/posts\/13167","targetHints":{"allow":["GET"]}}],"collection":[{"href":"https:\/\/www.djk-erlangen.de\/fussball\/index.php?rest_route=\/wp\/v2\/posts"}],"about":[{"href":"https:\/\/www.djk-erlangen.de\/fussball\/index.php?rest_route=\/wp\/v2\/types\/post"}],"author":[{"embeddable":true,"href":"https:\/\/www.djk-erlangen.de\/fussball\/index.php?rest_route=\/wp\/v2\/users\/47"}],"replies":[{"embeddable":true,"href":"https:\/\/www.djk-erlangen.de\/fussball\/index.php?rest_route=%2Fwp%2Fv2%2Fcomments&post=13167"}],"version-history":[{"count":2,"href":"https:\/\/www.djk-erlangen.de\/fussball\/index.php?rest_route=\/wp\/v2\/posts\/13167\/revisions"}],"predecessor-version":[{"id":13169,"href":"https:\/\/www.djk-erlangen.de\/fussball\/index.php?rest_route=\/wp\/v2\/posts\/13167\/revisions\/13169"}],"wp:attachment":[{"href":"https:\/\/www.djk-erlangen.de\/fussball\/index.php?rest_route=%2Fwp%2Fv2%2Fmedia&parent=13167"}],"wp:term":[{"taxonomy":"category","embeddable":true,"href":"https:\/\/www.djk-erlangen.de\/fussball\/index.php?rest_route=%2Fwp%2Fv2%2Fcategories&post=13167"},{"taxonomy":"post_tag","embeddable":true,"href":"https:\/\/www.djk-erlangen.de\/fussball\/index.php?rest_route=%2Fwp%2Fv2%2Ftags&post=13167"}],"curies":[{"name":"wp","href":"https:\/\/api.w.org\/{rel}","templated":true}]}}