{"id":13162,"date":"2015-09-20T17:17:48","date_gmt":"2015-09-20T15:17:48","guid":{"rendered":"http:\/\/www.djk-erlangen.de\/fussball\/?p=13162"},"modified":"2015-09-20T17:17:48","modified_gmt":"2015-09-20T15:17:48","slug":"c-1-jugend-startet-mit-heimsieg-in-die-neue-saison","status":"publish","type":"post","link":"https:\/\/www.djk-erlangen.de\/fussball\/?p=13162","title":{"rendered":"C-1 Jugend startet mit Heimsieg in die neue Saison"},"content":{"rendered":"<p>Am heutigen Sonntag begann auch f\u00fcr die neue C-Jugend endlich die hei\u00dfersehnte Punkterunde. Zu Gast am Wiesenweg war die SG Kleinsendelbach. Anf\u00e4nglich waren die Wiesenwegbuben noch etwas nerv\u00f6s, da es das erste Pflichtspiel auf Gro\u00dffeld war.<\/p>\n<p><!--more--><\/p>\n<p>Mit zunehmenden Verlauf der Partie erarbeitete man sich immer mehr Feldvorteile und erspielt sich auch einige Torchancen, welche jedoch durch den guten Keeper der G\u00e4ste allesamt zu Nichte gemacht wurden. Auch stand die Defensive der Kleinsendelbacher extrem tief und machte uns so den Weg zum Tor extrem eng.\u00a0 In der 23. Spielminute platzte dann der Knoten und unser B\u00fcffel brachte mit einem sch\u00f6nen Treffer die Wiesenwegbuben mit 1:0 in F\u00fchrung. Mit diesem knappen Resultat wechselte man auch die Seiten.<\/p>\n<p>Im zweiten Spielabschnitt \u00fcbernahmen wir sofort die Initative und konnten in der 46. Minute durch Arijan auf 2:0 erh\u00f6hen. Wiederum unser B\u00fcffel erh\u00f6hte nur 6 Minuten sp\u00e4ter auf 3:0. Bei den G\u00e4sten ging nach dem Doppelschlag nicht mehr viel zusammen und so konnten wir unsere Feld\u00fcberlegenheit ausnutzen und vers\u00e4umten das Spiel vorzeitig zu entscheiden. Ein Pfosten- und Lattenschu\u00df verhinderte weitere Tore f\u00fcr die Heimelf. Auch ein sch\u00f6ner Distanzschu\u00df von Oliver konnte<br \/>\ndurch den baumlangen Innenverteidiger der G\u00e4ste kurz vor der Torlinie gekl\u00e4rt werden.<\/p>\n<p>Eine sch\u00f6n hereingetretene Ecke von Konstantin konnte dann\u00a0 durch unseren &#8222;Capitano&#8220; zum vorentscheidenden 4:0 in Spielminute 60. eingenetzt werden. Im weiteren Spielverlauf h\u00e4tten wir diese Partie vorzeitig entscheiden k\u00f6nnen ja sogar m\u00fcssen. Jedoch wurde das Einzelspiel wieder \u00fcbertrieben und so hatte die gegnerische Defensive ein leichtes Spiel um unsere Angriffe im Keim zu ersticken.<\/p>\n<p>Ein Doppelschlag durch Lasse in der 62. und 63. Spielminute besiegelte die dann doch deutliche Niederlage f\u00fcr die G\u00e4ste und bescherte der DJK die ersten 3 Punkte im Kampf um die begehrten Aufstiegspl\u00e4tze in der Qualigruppe 5<\/p>\n<p>DJK Aufgebot<br \/>\nLuis; Luca; Daniel; Ali-Alex; Oliver; Lorenz; Konstantin; Benedikt; Manu; Arijan; Timm; Flo; Lasse; Yannick; Sebi<\/p>\n<p>DJK Tore<br \/>\nAri (1); B\u00fcffel (2); Oli (1); Lasse (2)<\/p>\n","protected":false},"excerpt":{"rendered":"<p>Am heutigen Sonntag begann auch f\u00fcr die neue C-Jugend endlich die hei\u00dfersehnte Punkterunde. Zu Gast am Wiesenweg war die SG Kleinsendelbach. Anf\u00e4nglich waren die Wiesenwegbuben noch etwas nerv\u00f6s, da es das erste Pflichtspiel auf Gro\u00dffeld war.<\/p>\n","protected":false},"author":32,"featured_media":0,"comment_status":"open","ping_status":"closed","sticky":false,"template":"","format":"standard","meta":{"jetpack_post_was_ever_published":false,"_jetpack_newsletter_access":"","_jetpack_dont_email_post_to_subs":false,"_jetpack_newsletter_tier_id":0,"_jetpack_memberships_contains_paywalled_content":false,"_jetpack_memberships_contains_paid_content":false,"footnotes":"","jetpack_publicize_message":"","jetpack_publicize_feature_enabled":true,"jetpack_social_post_already_shared":true,"jetpack_social_options":{"image_generator_settings":{"template":"highway","default_image_id":0,"font":"","enabled":false},"version":2}},"categories":[1,45],"tags":[],"class_list":["post-13162","post","type-post","status-publish","format-standard","hentry","category-allgemein","category-u15-c1"],"jetpack_publicize_connections":[],"jetpack_featured_media_url":"","jetpack_shortlink":"https:\/\/wp.me\/p2ZUr0-3qi","jetpack_sharing_enabled":true,"_links":{"self":[{"href":"https:\/\/www.djk-erlangen.de\/fussball\/index.php?rest_route=\/wp\/v2\/posts\/13162","targetHints":{"allow":["GET"]}}],"collection":[{"href":"https:\/\/www.djk-erlangen.de\/fussball\/index.php?rest_route=\/wp\/v2\/posts"}],"about":[{"href":"https:\/\/www.djk-erlangen.de\/fussball\/index.php?rest_route=\/wp\/v2\/types\/post"}],"author":[{"embeddable":true,"href":"https:\/\/www.djk-erlangen.de\/fussball\/index.php?rest_route=\/wp\/v2\/users\/32"}],"replies":[{"embeddable":true,"href":"https:\/\/www.djk-erlangen.de\/fussball\/index.php?rest_route=%2Fwp%2Fv2%2Fcomments&post=13162"}],"version-history":[{"count":2,"href":"https:\/\/www.djk-erlangen.de\/fussball\/index.php?rest_route=\/wp\/v2\/posts\/13162\/revisions"}],"predecessor-version":[{"id":13164,"href":"https:\/\/www.djk-erlangen.de\/fussball\/index.php?rest_route=\/wp\/v2\/posts\/13162\/revisions\/13164"}],"wp:attachment":[{"href":"https:\/\/www.djk-erlangen.de\/fussball\/index.php?rest_route=%2Fwp%2Fv2%2Fmedia&parent=13162"}],"wp:term":[{"taxonomy":"category","embeddable":true,"href":"https:\/\/www.djk-erlangen.de\/fussball\/index.php?rest_route=%2Fwp%2Fv2%2Fcategories&post=13162"},{"taxonomy":"post_tag","embeddable":true,"href":"https:\/\/www.djk-erlangen.de\/fussball\/index.php?rest_route=%2Fwp%2Fv2%2Ftags&post=13162"}],"curies":[{"name":"wp","href":"https:\/\/api.w.org\/{rel}","templated":true}]}}