{"id":13147,"date":"2015-09-19T21:29:59","date_gmt":"2015-09-19T19:29:59","guid":{"rendered":"http:\/\/www.djk-erlangen.de\/fussball\/?p=13147"},"modified":"2015-09-19T21:49:09","modified_gmt":"2015-09-19T19:49:09","slug":"u9-f1-feiert-gelungenen-saisonauftakt","status":"publish","type":"post","link":"https:\/\/www.djk-erlangen.de\/fussball\/?p=13147","title":{"rendered":"U9 (F1) feiert gelungenen Saisonauftakt"},"content":{"rendered":"<p>Gleich am ersten Spieltag war unser Nachbar BSC Erlangen zu Gast. Unsere junge Mannschaft feierte mit ihrem neuen Trainer Hendrik einen \u00fcberlegenen 11:0 Erfolg.<\/p>\n<p>Herzlichen Gl\u00fcckwunsch.<!--more--><\/p>\n<p>Besonders positiv ist die tolle Raumaufteilung \u00fcber die ganze Spielzeit aufgefallen.<\/p>\n<p>Auch ein Lob an beide Fanlager f\u00fcr die Unterst\u00fctzung ihrer Mannschaften. Die Fairplay-Regeln der Fu\u00dfballverbandes wurden perfekt umgesetzt.<\/p>\n<p><a href=\"http:\/\/www.djk-erlangen.de\/fussball\/wp-content\/uploads\/2015\/09\/IMG_20150919_093122_2.jpg\"><img loading=\"lazy\" decoding=\"async\" class=\"aligncenter wp-image-13152\" src=\"http:\/\/www.djk-erlangen.de\/fussball\/wp-content\/uploads\/2015\/09\/IMG_20150919_093122_2.jpg\" alt=\"IMG_20150919_093122_2\" width=\"471\" height=\"155\" srcset=\"https:\/\/www.djk-erlangen.de\/fussball\/wp-content\/uploads\/2015\/09\/IMG_20150919_093122_2.jpg 1024w, https:\/\/www.djk-erlangen.de\/fussball\/wp-content\/uploads\/2015\/09\/IMG_20150919_093122_2-150x49.jpg 150w, https:\/\/www.djk-erlangen.de\/fussball\/wp-content\/uploads\/2015\/09\/IMG_20150919_093122_2-300x99.jpg 300w\" sizes=\"auto, (max-width: 471px) 100vw, 471px\" \/><\/a><\/p>\n","protected":false},"excerpt":{"rendered":"<p>Gleich am ersten Spieltag war unser Nachbar BSC Erlangen zu Gast. Unsere junge Mannschaft feierte mit ihrem neuen Trainer Hendrik einen \u00fcberlegenen 11:0 Erfolg. Herzlichen Gl\u00fcckwunsch.<\/p>\n","protected":false},"author":9,"featured_media":0,"comment_status":"open","ping_status":"closed","sticky":false,"template":"","format":"standard","meta":{"jetpack_post_was_ever_published":false,"_jetpack_newsletter_access":"","_jetpack_dont_email_post_to_subs":false,"_jetpack_newsletter_tier_id":0,"_jetpack_memberships_contains_paywalled_content":false,"_jetpack_memberships_contains_paid_content":false,"footnotes":"","jetpack_publicize_message":"","jetpack_publicize_feature_enabled":true,"jetpack_social_post_already_shared":true,"jetpack_social_options":{"image_generator_settings":{"template":"highway","default_image_id":0,"font":"","enabled":false},"version":2}},"categories":[1,15],"tags":[],"class_list":["post-13147","post","type-post","status-publish","format-standard","hentry","category-allgemein","category-u9-f1"],"jetpack_publicize_connections":[],"jetpack_featured_media_url":"","jetpack_shortlink":"https:\/\/wp.me\/p2ZUr0-3q3","jetpack_sharing_enabled":true,"_links":{"self":[{"href":"https:\/\/www.djk-erlangen.de\/fussball\/index.php?rest_route=\/wp\/v2\/posts\/13147","targetHints":{"allow":["GET"]}}],"collection":[{"href":"https:\/\/www.djk-erlangen.de\/fussball\/index.php?rest_route=\/wp\/v2\/posts"}],"about":[{"href":"https:\/\/www.djk-erlangen.de\/fussball\/index.php?rest_route=\/wp\/v2\/types\/post"}],"author":[{"embeddable":true,"href":"https:\/\/www.djk-erlangen.de\/fussball\/index.php?rest_route=\/wp\/v2\/users\/9"}],"replies":[{"embeddable":true,"href":"https:\/\/www.djk-erlangen.de\/fussball\/index.php?rest_route=%2Fwp%2Fv2%2Fcomments&post=13147"}],"version-history":[{"count":4,"href":"https:\/\/www.djk-erlangen.de\/fussball\/index.php?rest_route=\/wp\/v2\/posts\/13147\/revisions"}],"predecessor-version":[{"id":13156,"href":"https:\/\/www.djk-erlangen.de\/fussball\/index.php?rest_route=\/wp\/v2\/posts\/13147\/revisions\/13156"}],"wp:attachment":[{"href":"https:\/\/www.djk-erlangen.de\/fussball\/index.php?rest_route=%2Fwp%2Fv2%2Fmedia&parent=13147"}],"wp:term":[{"taxonomy":"category","embeddable":true,"href":"https:\/\/www.djk-erlangen.de\/fussball\/index.php?rest_route=%2Fwp%2Fv2%2Fcategories&post=13147"},{"taxonomy":"post_tag","embeddable":true,"href":"https:\/\/www.djk-erlangen.de\/fussball\/index.php?rest_route=%2Fwp%2Fv2%2Ftags&post=13147"}],"curies":[{"name":"wp","href":"https:\/\/api.w.org\/{rel}","templated":true}]}}