{"id":13055,"date":"2015-09-05T23:50:38","date_gmt":"2015-09-05T21:50:38","guid":{"rendered":"http:\/\/www.djk-erlangen.de\/fussball\/?p=13055"},"modified":"2015-09-05T23:55:17","modified_gmt":"2015-09-05T21:55:17","slug":"u8-einlaufeskorte-bei-der-spvgg-greuther-fuerth","status":"publish","type":"post","link":"https:\/\/www.djk-erlangen.de\/fussball\/?p=13055","title":{"rendered":"U8 Einlaufeskorte bei der SpVgg Greuther F\u00fcrth"},"content":{"rendered":"<p>Beim letzten Heimspiel der SpVgg Greuther F\u00fcrth gegen den FSV Frankfurt durften sich die Spieler der U8 einmal wie Profis f\u00fchlen.<\/p>\n<p>Mit 3 Spielern des SC M\u00fcnchaurach zusammen durften die Jungs mit den Profis gemeinsam Hand in Hand ins Stadion einlaufen.<\/p>\n<p>Danach ging es zusammen in den Familien Block um das Spiel anzuschauen.<\/p>\n<p>F\u00fcr die Jungs war es ein Klasse Erlebnis das nicht so schnell vergessen wird.<\/p>\n<p>Vielen Dank an die SpVgg Greuther F\u00fcrth die das ganze organisiert hat.<\/p>\n<p>&nbsp;<\/p>\n<p><a href=\"http:\/\/www.djk-erlangen.de\/fussball\/wp-content\/uploads\/2015\/09\/U8-DJK-Erlangen1.jpg\"><img loading=\"lazy\" decoding=\"async\" class=\"wp-image-13074 aligncenter\" src=\"http:\/\/www.djk-erlangen.de\/fussball\/wp-content\/uploads\/2015\/09\/U8-DJK-Erlangen1-300x169.jpg\" alt=\"SONY DSC\" width=\"355\" height=\"200\" srcset=\"https:\/\/www.djk-erlangen.de\/fussball\/wp-content\/uploads\/2015\/09\/U8-DJK-Erlangen1-300x169.jpg 300w, https:\/\/www.djk-erlangen.de\/fussball\/wp-content\/uploads\/2015\/09\/U8-DJK-Erlangen1-150x84.jpg 150w, https:\/\/www.djk-erlangen.de\/fussball\/wp-content\/uploads\/2015\/09\/U8-DJK-Erlangen1-1024x576.jpg 1024w, https:\/\/www.djk-erlangen.de\/fussball\/wp-content\/uploads\/2015\/09\/U8-DJK-Erlangen1.jpg 1280w\" sizes=\"auto, (max-width: 355px) 100vw, 355px\" \/><\/a><\/p>\n","protected":false},"excerpt":{"rendered":"<p>Beim letzten Heimspiel der SpVgg Greuther F\u00fcrth gegen den FSV Frankfurt durften sich die Spieler der U8 einmal wie Profis f\u00fchlen. Mit 3 Spielern des SC M\u00fcnchaurach zusammen durften die Jungs mit den Profis gemeinsam Hand in Hand ins Stadion &hellip; <a href=\"https:\/\/www.djk-erlangen.de\/fussball\/?p=13055\">Weiterlesen <span class=\"meta-nav\">&rarr;<\/span><\/a><\/p>\n","protected":false},"author":47,"featured_media":0,"comment_status":"open","ping_status":"closed","sticky":false,"template":"","format":"standard","meta":{"jetpack_post_was_ever_published":false,"_jetpack_newsletter_access":"","_jetpack_dont_email_post_to_subs":false,"_jetpack_newsletter_tier_id":0,"_jetpack_memberships_contains_paywalled_content":false,"_jetpack_memberships_contains_paid_content":false,"footnotes":"","jetpack_publicize_message":"","jetpack_publicize_feature_enabled":true,"jetpack_social_post_already_shared":true,"jetpack_social_options":{"image_generator_settings":{"template":"highway","default_image_id":0,"font":"","enabled":false},"version":2}},"categories":[1,39],"tags":[],"class_list":["post-13055","post","type-post","status-publish","format-standard","hentry","category-allgemein","category-u8"],"jetpack_publicize_connections":[],"jetpack_featured_media_url":"","jetpack_shortlink":"https:\/\/wp.me\/p2ZUr0-3oz","jetpack_sharing_enabled":true,"_links":{"self":[{"href":"https:\/\/www.djk-erlangen.de\/fussball\/index.php?rest_route=\/wp\/v2\/posts\/13055","targetHints":{"allow":["GET"]}}],"collection":[{"href":"https:\/\/www.djk-erlangen.de\/fussball\/index.php?rest_route=\/wp\/v2\/posts"}],"about":[{"href":"https:\/\/www.djk-erlangen.de\/fussball\/index.php?rest_route=\/wp\/v2\/types\/post"}],"author":[{"embeddable":true,"href":"https:\/\/www.djk-erlangen.de\/fussball\/index.php?rest_route=\/wp\/v2\/users\/47"}],"replies":[{"embeddable":true,"href":"https:\/\/www.djk-erlangen.de\/fussball\/index.php?rest_route=%2Fwp%2Fv2%2Fcomments&post=13055"}],"version-history":[{"count":4,"href":"https:\/\/www.djk-erlangen.de\/fussball\/index.php?rest_route=\/wp\/v2\/posts\/13055\/revisions"}],"predecessor-version":[{"id":13080,"href":"https:\/\/www.djk-erlangen.de\/fussball\/index.php?rest_route=\/wp\/v2\/posts\/13055\/revisions\/13080"}],"wp:attachment":[{"href":"https:\/\/www.djk-erlangen.de\/fussball\/index.php?rest_route=%2Fwp%2Fv2%2Fmedia&parent=13055"}],"wp:term":[{"taxonomy":"category","embeddable":true,"href":"https:\/\/www.djk-erlangen.de\/fussball\/index.php?rest_route=%2Fwp%2Fv2%2Fcategories&post=13055"},{"taxonomy":"post_tag","embeddable":true,"href":"https:\/\/www.djk-erlangen.de\/fussball\/index.php?rest_route=%2Fwp%2Fv2%2Ftags&post=13055"}],"curies":[{"name":"wp","href":"https:\/\/api.w.org\/{rel}","templated":true}]}}