{"id":12987,"date":"2015-07-26T11:24:04","date_gmt":"2015-07-26T09:24:04","guid":{"rendered":"http:\/\/www.djk-erlangen.de\/fussball\/?p=12987"},"modified":"2015-07-26T11:24:04","modified_gmt":"2015-07-26T09:24:04","slug":"ueberraschungs-saisonabschlussfahrt-der-d1-neue-c1","status":"publish","type":"post","link":"https:\/\/www.djk-erlangen.de\/fussball\/?p=12987","title":{"rendered":"\u00dcberraschungs-Saisonabschlussfahrt der D1 &#8211;> neue C1"},"content":{"rendered":"<p>Zeitig ging es am vergangenen Samstag los. Der DJK Partybus war startklar ! Ab\u00a0 07:20 wurden die Kreisklassen Aufsteiger aus der D-Jugend eingesammelt um rechtzeitig zum Sammeltreffpunkt am Sparkassen-Weiher zu sein. Auch wenn der eine oder andere Spieler verschlafen hatte, waren alle p\u00fcnktlich zum Treffpunkt an der Schallershofer Str. erschienen.<br \/>\n<!--more--><br \/>\nVon hier aus ging es dann zur \u00dcberraschungs- Saisonabschlussfahrt in die Fr\u00e4nkischen Schweiz nach Muggendorf. Nach gut 40min\u00fctiger Fahrt waren alle Fahrzeuge incl. Partybus dort wohlbehalten angekommen. Der Ausgangsort sorgte f\u00fcr eine gewisse Verwunderung bei den Jungs, denn an das gebuchte Event wollte keiner so recht glauben.<\/p>\n<p>Die \u00dcberraschung: &#8222;Outdoor erleben in der Fr\u00e4nkischen Schweiz&#8220; war gelungen! Nachdem die Jungs vom Veranstalter alle Ihre Schwimmwesten erhalten hatten, ging es ein paar Meter mit den Fahrzeugen auf den benachbarten Parkplatz weiter.<br \/>\nDort wurde sich dann, bevor es in den eigens f\u00fcr uns bereitgestellten Bus, den Anspr\u00fcchen entsprechend umgezogen. Schon konnte es losgehen. W\u00e4hrend dem gef\u00fchlten 20min\u00fctigen Bustransfer Richtung Behringersm\u00fchle wurden wir von einem<br \/>\nfachkundigen Mitarbeiter auf der Reiseroute \u00fcber die T\u00fccken der Wisent hingewiesen.<\/p>\n<p>Eine weitere Einweisung in die jeweiligen Bootsklassen wurde an der Einstiegsstelle durch den Veranstalter vorgenommen. Die Gruppenteiteilung auf 2er Kajak und 3er Kanadier war klar! Schon konnte es losgehen. Alle Bootsinsassen konnten<br \/>\nIhre Kajaks unfallfrei besteigen. Bis auf Flo! &#8222;Der flug ro! So hatten wir bereits vor dem Start den ersten Wasserschaden und gro\u00dfes Gel\u00e4chter!<\/p>\n<p>Ohne weiteren Schaden konnten wir dann das Erlebnis &#8222;Erlebe die Fr\u00e4nkische Schweiz aus Ihrer sch\u00f6nsten Perspektive&#8220; im Kajak auf der Wiesent beginnen.<\/p>\n<p>Der Flu\u00df bietet vielf\u00e4ltige Flora und Faune, f\u00fcr deren Entdeckungen bei mittlerer bis leichter Str\u00f6mung genug Zeit bleibt. Aber auch der Spa\u00df und das Gef\u00fchl von Abenteuer kommen bei der einen oder anderen Stromschnelle nicht zu kurz. So kennterte im Verlauf der Tour auch ein weiteres Boot. Die Insassen konnten sich verletzungsfrei wieder in Ihr Sportger\u00e4t bef\u00f6rdern. Jedoch glich dieses durch den Wassereinbruch dann eher einem sinkenden Schiff! An der ersten Umladestation wegen eines Wehrs nutzten die Jungs die Gelegenheit um sich in voller Montur im Flu\u00df etwas abzuk\u00fchlen. Der durch die verschiedenen Wetterprognosen vorhergagte Regen setzte dann auch noch kurzfristig ein. Somit war die Option &#8222;trocken bleiben&#8220; auch makulatur.<\/p>\n<p>Am zweiten Umsteigepunkt kurz vor dem Ziel versenkten sich dann sicherlich unfreiwillig weitere Bootsbesatzungen. An der finalen Ausstiegstelle wurde dann das straphazierte Sportger\u00e4t abgestellt, um sich im Anschlu\u00df trocken zu legen.<br \/>\nNach diesem Highlight -paddelen auf der Wiesent &#8211;\u00a0 ging es weiter zum Mittagessen! Nach einer mi\u00dfgl\u00fcckten Anfahrt bei einer Gastst\u00e4tte fuhren wir direkt weiter nach G\u00f6ssweinstein. In einem schmucken Biergarten wurden dann die kulinarischen Bed\u00fcrfnisse aller Teilnehmer befriedigt!<\/p>\n<p>So stand dem n\u00e4chten Event nichts in Wege! Aufgrund der einsetzenden Sturmb\u00f6en haben wir uns dann kurzfristig f\u00fcr Fu\u00dfballgolf auf der weitl\u00e4ufigen Anlage in G\u00f6\u00dfweinstein entschieden. Im Anschlu\u00df wurde noch die eine oder andere Runde im H\u00f6henbad geschwommen, bevor man die m\u00fcden Krieger wieder wohlbehalten nach Erlangen schaukelte.<\/p>\n<p>&nbsp;<\/p>\n","protected":false},"excerpt":{"rendered":"<p>Zeitig ging es am vergangenen Samstag los. Der DJK Partybus war startklar ! Ab\u00a0 07:20 wurden die Kreisklassen Aufsteiger aus der D-Jugend eingesammelt um rechtzeitig zum Sammeltreffpunkt am Sparkassen-Weiher zu sein. Auch wenn der eine oder andere Spieler verschlafen hatte, &hellip; <a href=\"https:\/\/www.djk-erlangen.de\/fussball\/?p=12987\">Weiterlesen <span class=\"meta-nav\">&rarr;<\/span><\/a><\/p>\n","protected":false},"author":32,"featured_media":0,"comment_status":"open","ping_status":"closed","sticky":false,"template":"","format":"standard","meta":{"jetpack_post_was_ever_published":false,"_jetpack_newsletter_access":"","_jetpack_dont_email_post_to_subs":false,"_jetpack_newsletter_tier_id":0,"_jetpack_memberships_contains_paywalled_content":false,"_jetpack_memberships_contains_paid_content":false,"footnotes":"","jetpack_publicize_message":"","jetpack_publicize_feature_enabled":true,"jetpack_social_post_already_shared":true,"jetpack_social_options":{"image_generator_settings":{"template":"highway","default_image_id":0,"font":"","enabled":false},"version":2}},"categories":[34,45],"tags":[],"class_list":["post-12987","post","type-post","status-publish","format-standard","hentry","category-u13-d1","category-u15-c1"],"jetpack_publicize_connections":[],"jetpack_featured_media_url":"","jetpack_shortlink":"https:\/\/wp.me\/p2ZUr0-3nt","jetpack_sharing_enabled":true,"_links":{"self":[{"href":"https:\/\/www.djk-erlangen.de\/fussball\/index.php?rest_route=\/wp\/v2\/posts\/12987","targetHints":{"allow":["GET"]}}],"collection":[{"href":"https:\/\/www.djk-erlangen.de\/fussball\/index.php?rest_route=\/wp\/v2\/posts"}],"about":[{"href":"https:\/\/www.djk-erlangen.de\/fussball\/index.php?rest_route=\/wp\/v2\/types\/post"}],"author":[{"embeddable":true,"href":"https:\/\/www.djk-erlangen.de\/fussball\/index.php?rest_route=\/wp\/v2\/users\/32"}],"replies":[{"embeddable":true,"href":"https:\/\/www.djk-erlangen.de\/fussball\/index.php?rest_route=%2Fwp%2Fv2%2Fcomments&post=12987"}],"version-history":[{"count":1,"href":"https:\/\/www.djk-erlangen.de\/fussball\/index.php?rest_route=\/wp\/v2\/posts\/12987\/revisions"}],"predecessor-version":[{"id":12988,"href":"https:\/\/www.djk-erlangen.de\/fussball\/index.php?rest_route=\/wp\/v2\/posts\/12987\/revisions\/12988"}],"wp:attachment":[{"href":"https:\/\/www.djk-erlangen.de\/fussball\/index.php?rest_route=%2Fwp%2Fv2%2Fmedia&parent=12987"}],"wp:term":[{"taxonomy":"category","embeddable":true,"href":"https:\/\/www.djk-erlangen.de\/fussball\/index.php?rest_route=%2Fwp%2Fv2%2Fcategories&post=12987"},{"taxonomy":"post_tag","embeddable":true,"href":"https:\/\/www.djk-erlangen.de\/fussball\/index.php?rest_route=%2Fwp%2Fv2%2Ftags&post=12987"}],"curies":[{"name":"wp","href":"https:\/\/api.w.org\/{rel}","templated":true}]}}