{"id":12978,"date":"2015-07-25T15:55:44","date_gmt":"2015-07-25T13:55:44","guid":{"rendered":"http:\/\/www.djk-erlangen.de\/fussball\/?p=12978"},"modified":"2015-07-27T17:38:03","modified_gmt":"2015-07-27T15:38:03","slug":"u8-belegt-6-platz-beim-tv-cup-und-geht-in-die-sommerpause","status":"publish","type":"post","link":"https:\/\/www.djk-erlangen.de\/fussball\/?p=12978","title":{"rendered":"U8 belegt 6. Platz beim TVE Cup und geht in die Sommerpause"},"content":{"rendered":"<p>Die U8 des DJK Erlangen war am Samstag den 25.07.2015 eingeladen zum Sommercup des TV Erlangen. Angereist waren wir mit 5 Spielern aus dem 2008 Jahrgang und aufgef\u00fcllt wurde mit 4 Spielern aus dem 2007 Jhg.<\/p>\n<p>Die DJK hatte direkt das Er\u00f6ffnungsspiel gegen die SpVgg Erlangen. Nach einem langen auf und ab viel 5 Minuten vor Schluss das 1:0 f\u00fcr die SpVgg. Nach dem Spiel wurden die Fehler in der Ansprache deutlich verbessert und die Jungs gingen Motiviert in das 2. Spiel.<\/p>\n<p><!--more--><!--more-->Nach nur einem Spiel Pause mussten wir gegen die SG Quelle F\u00fcrth ran. Nach 4 gespielten Minuten schoss Ben direkt das 1:0 f\u00fcr die DJK. 2 Minuten Sp\u00e4ter erh\u00f6hte Ben auf 2:0 mit einem Freisto\u00df Tor von Halbrechts. Durch das hohe Anfangstempo der Jungs wurden die Beine langsam schwer und der Gegner kam nach und nach ins Spiel. Nach einem Stellungsfehler der Abwehr verk\u00fcrzte die SG Quelle auf 2:1. Doch direkt auf das Gegentor folgte die Antwort und Peter erh\u00f6hte auf 3:1. Kurz darauf folgte eine Ecke f\u00fcr den Gegner die wir uns selbst ins Tor hauten. Danach passierte f\u00fcr kurze Zeit nichts, das Tempo wurde aus dem Spiel genommen bis Ben in der Letzten Spielminute eine Unachtsamkeit der Abwehr ausnutzte und den 4:2 entstand erzielte.<\/p>\n<p>Somit standen wir nach 2 Spielen mit einem Sieg und einer Niederlage auf Platz 3 in der Gruppe.<\/p>\n<p>Im letzten Gruppenspiel ging es gegen den Gastgeber TV 1848 Erlangen. Anfangs hielten wir gut mit doch nach kurzer Zeit erzielte viel Ungl\u00fccklich das 1:0 f\u00fcr den TV. Dann merkte man das Jahr Unterschied deutlich und das Spiel ging trotz des zwischenzeitlichen Ausgleichs von Peter mit 5:1 verloren.<\/p>\n<p>Nach 3 Spielen standen wir in der Gruppe auf Platz 3 von 4.<\/p>\n<p>Eine 3\/4 Stunde sp\u00e4ter\u00a0standen wir im Entscheidungsspiel um Platz 5 und 6 gegen den TV 1848 Erlangen 2.<\/p>\n<p>Wir fingen gut an und lagen nach 10 Gespielten Minuten mit 2:0 vorne ehe wir f\u00fcr ein ungenaues Abspiel bestraft wurden und der TV 1848 Erlangen auf 2:1 verk\u00fcrzte.<\/p>\n<p>Bei der n\u00e4chsten herausgespielten Torchance behielt Peter die Nerven, umkurvte den Torwart und schob zum 3:1 ein.<\/p>\n<p>Danach f\u00fchlten wir uns zu Sicher und die Konzentration ging Verloren. Das nutzte der Gegner aus und drehte das\u00a0Spiel innerhalb von 3 Minuten zu einem 3:3 Unentschieden.<\/p>\n<p>Also Elfmeterschie\u00dfen&#8230;<\/p>\n<p>Nach kurzer Absprache standen Ben, Peter und Marius als Sch\u00fctzen fest.<\/p>\n<p>Marius hielt die ersten 2 Elfmeter jedoch verschossen wir unsere ersten 2 Elfmeter\u00a0genauso wie der Gegner.<\/p>\n<p>Alle waren angespannt und der 3. TVE sch\u00fctze traf doch Marius traf ebenfalls.<\/p>\n<p>Nachdem die 3 Sch\u00fctzen fertig waren musste ein 4. Sch\u00fctze her.\u00a0Der TV 1848 Erlangen begann und traf. Leider vergab unser Sch\u00fctze und somit verloren wir das Spiel um Platz 5.<\/p>\n<p>Wir zeigten ansehnlichen Fu\u00dfball\u00a0und unsere Entwicklung zeigt in die Richtige Richtung!<\/p>\n<p>Jetzt gehts in die 3 W\u00f6chige Sommerpause und dann mit voller Konzentration in die Herbstrunde.<\/p>\n<p><img loading=\"lazy\" decoding=\"async\" class=\"alignnone  wp-image-12979\" src=\"http:\/\/www.djk-erlangen.de\/fussball\/wp-content\/uploads\/2015\/07\/assss-1789-300x225.jpg\" alt=\"assss 1789\" width=\"280\" height=\"210\" srcset=\"https:\/\/www.djk-erlangen.de\/fussball\/wp-content\/uploads\/2015\/07\/assss-1789-300x225.jpg 300w, https:\/\/www.djk-erlangen.de\/fussball\/wp-content\/uploads\/2015\/07\/assss-1789-150x113.jpg 150w, https:\/\/www.djk-erlangen.de\/fussball\/wp-content\/uploads\/2015\/07\/assss-1789-1024x768.jpg 1024w, https:\/\/www.djk-erlangen.de\/fussball\/wp-content\/uploads\/2015\/07\/assss-1789.jpg 1280w\" sizes=\"auto, (max-width: 280px) 100vw, 280px\" \/><\/p>\n<p>&nbsp;<\/p>\n<p>&nbsp;<\/p>\n","protected":false},"excerpt":{"rendered":"<p>Die U8 des DJK Erlangen war am Samstag den 25.07.2015 eingeladen zum Sommercup des TV Erlangen. Angereist waren wir mit 5 Spielern aus dem 2008 Jahrgang und aufgef\u00fcllt wurde mit 4 Spielern aus dem 2007 Jhg. Die DJK hatte direkt &hellip; <a href=\"https:\/\/www.djk-erlangen.de\/fussball\/?p=12978\">Weiterlesen <span class=\"meta-nav\">&rarr;<\/span><\/a><\/p>\n","protected":false},"author":47,"featured_media":0,"comment_status":"open","ping_status":"closed","sticky":false,"template":"","format":"standard","meta":{"jetpack_post_was_ever_published":false,"_jetpack_newsletter_access":"","_jetpack_dont_email_post_to_subs":false,"_jetpack_newsletter_tier_id":0,"_jetpack_memberships_contains_paywalled_content":false,"_jetpack_memberships_contains_paid_content":false,"footnotes":"","jetpack_publicize_message":"","jetpack_publicize_feature_enabled":true,"jetpack_social_post_already_shared":true,"jetpack_social_options":{"image_generator_settings":{"template":"highway","default_image_id":0,"font":"","enabled":false},"version":2}},"categories":[39],"tags":[],"class_list":["post-12978","post","type-post","status-publish","format-standard","hentry","category-u8"],"jetpack_publicize_connections":[],"jetpack_featured_media_url":"","jetpack_shortlink":"https:\/\/wp.me\/p2ZUr0-3nk","jetpack_sharing_enabled":true,"_links":{"self":[{"href":"https:\/\/www.djk-erlangen.de\/fussball\/index.php?rest_route=\/wp\/v2\/posts\/12978","targetHints":{"allow":["GET"]}}],"collection":[{"href":"https:\/\/www.djk-erlangen.de\/fussball\/index.php?rest_route=\/wp\/v2\/posts"}],"about":[{"href":"https:\/\/www.djk-erlangen.de\/fussball\/index.php?rest_route=\/wp\/v2\/types\/post"}],"author":[{"embeddable":true,"href":"https:\/\/www.djk-erlangen.de\/fussball\/index.php?rest_route=\/wp\/v2\/users\/47"}],"replies":[{"embeddable":true,"href":"https:\/\/www.djk-erlangen.de\/fussball\/index.php?rest_route=%2Fwp%2Fv2%2Fcomments&post=12978"}],"version-history":[{"count":6,"href":"https:\/\/www.djk-erlangen.de\/fussball\/index.php?rest_route=\/wp\/v2\/posts\/12978\/revisions"}],"predecessor-version":[{"id":12989,"href":"https:\/\/www.djk-erlangen.de\/fussball\/index.php?rest_route=\/wp\/v2\/posts\/12978\/revisions\/12989"}],"wp:attachment":[{"href":"https:\/\/www.djk-erlangen.de\/fussball\/index.php?rest_route=%2Fwp%2Fv2%2Fmedia&parent=12978"}],"wp:term":[{"taxonomy":"category","embeddable":true,"href":"https:\/\/www.djk-erlangen.de\/fussball\/index.php?rest_route=%2Fwp%2Fv2%2Fcategories&post=12978"},{"taxonomy":"post_tag","embeddable":true,"href":"https:\/\/www.djk-erlangen.de\/fussball\/index.php?rest_route=%2Fwp%2Fv2%2Ftags&post=12978"}],"curies":[{"name":"wp","href":"https:\/\/api.w.org\/{rel}","templated":true}]}}