{"id":12954,"date":"2015-07-19T16:49:18","date_gmt":"2015-07-19T14:49:18","guid":{"rendered":"http:\/\/www.djk-erlangen.de\/fussball\/?p=12954"},"modified":"2015-07-19T16:49:33","modified_gmt":"2015-07-19T14:49:33","slug":"c1-siegt-beim-testspiel-in-nuernberg","status":"publish","type":"post","link":"https:\/\/www.djk-erlangen.de\/fussball\/?p=12954","title":{"rendered":"C1 siegt beim Testspiel in N\u00fcrnberg"},"content":{"rendered":"<p>Am heutigen Sonntag morgen f\u00fchrte uns der Weg mit der neuformierten C1 Jugend in den Stadtosten von N\u00fcrnberg zum SV Laufamholz.. Nach nur knapp 20 Minuten Fahrtzeit war man auch schon am Ziel.<br \/>\nSchien bei unserer Abfahrt in Erlangen noch kr\u00e4ftig die Sonne, so kam p\u00fcnktlich zum Aufw\u00e4rmen ein Regengu\u00df herunter, welcher sich dann zu Spielbeginn wieder in Wohlgefallen aufgel\u00f6st hatte.<\/p>\n<p><!--more--><!--more--><\/p>\n<p><!--more--><\/p>\n<p>Die Jungs waren heute durch die Bank alle gut drauf und setzten die taktischen Anweisungen sehr gut um. So hatten wir auch das Spiel von Anfang an im Griff und kamen immer wieder durch gelungenes Kombinationsspiel gef\u00e4hrlich vor des<br \/>\nGegners Geh\u00e4use. Es war nur eine Frage der Zeit bis bei den Wiesenwegbuben was Z\u00e4hlbares heraussprang. Mitte der ersten Halbzeit pa\u00dfte Ari den Ball musterg\u00fcltig auf Benedikt, dieser \u00fcberlief 2 Gegenspieler und flankte den Ball scharf vor<br \/>\ndas Tor. Der mit aufger\u00fcckte Luca netzte dann das Spielger\u00e4t zur 0:1 F\u00fchrung ein.<\/p>\n<p>Mit diesem Zwischenstand ging man auch in die Halbzeitpause. Im zweiten Spielabschnitt wollten wir das Resultat dann noch weiter verbessern. Unsere Offensive konnte sich hierbei immer \u00d6fters in Szene setzten und binnen 5 Minuten scheiterten wir dreimal am Aluminium.<\/p>\n<p>In der 53. Minute wurde dann unser Torj\u00e4ger vom Dienst musterg\u00fcltig von Elias bedient und Ari erh\u00f6hte aus kurzer Distanz zum 0:2 f\u00fcr die Wiesenwegbuben. F\u00fcr den Schlu\u00dfpunkt sorgte dann final noch Yannick, der sich mit dem 0:3 ebenfalls in die Torsch\u00fctzenliste eintragen durfe.<\/p>\n<p>Man hat heute deutlich gesehen, da\u00df die Jungs mit den neuen Begebenheiten immer besser zurecht kommen und sich das Woche f\u00fcr Woche im Training erarbeitete langsam greift.<\/p>\n<p>DJK Aufgebot<br \/>\nLuis; Tim; Daniel; Ali-Alex; Oliver; Lorenz; Benedikt; Elias; Arijan; Florian; Yannick; Jojo; Felix; Luca<\/p>\n<p>Tore:<br \/>\nAri (1); Luca (1); Yannick (1)<\/p>\n<p>&nbsp;<\/p>\n","protected":false},"excerpt":{"rendered":"<p>Am heutigen Sonntag morgen f\u00fchrte uns der Weg mit der neuformierten C1 Jugend in den Stadtosten von N\u00fcrnberg zum SV Laufamholz.. Nach nur knapp 20 Minuten Fahrtzeit war man auch schon am Ziel. Schien bei unserer Abfahrt in Erlangen noch &hellip; <a href=\"https:\/\/www.djk-erlangen.de\/fussball\/?p=12954\">Weiterlesen <span class=\"meta-nav\">&rarr;<\/span><\/a><\/p>\n","protected":false},"author":32,"featured_media":0,"comment_status":"open","ping_status":"closed","sticky":false,"template":"","format":"standard","meta":{"jetpack_post_was_ever_published":false,"_jetpack_newsletter_access":"","_jetpack_dont_email_post_to_subs":false,"_jetpack_newsletter_tier_id":0,"_jetpack_memberships_contains_paywalled_content":false,"_jetpack_memberships_contains_paid_content":false,"footnotes":"","jetpack_publicize_message":"","jetpack_publicize_feature_enabled":true,"jetpack_social_post_already_shared":true,"jetpack_social_options":{"image_generator_settings":{"template":"highway","default_image_id":0,"font":"","enabled":false},"version":2}},"categories":[1,45],"tags":[],"class_list":["post-12954","post","type-post","status-publish","format-standard","hentry","category-allgemein","category-u15-c1"],"jetpack_publicize_connections":[],"jetpack_featured_media_url":"","jetpack_shortlink":"https:\/\/wp.me\/p2ZUr0-3mW","jetpack_sharing_enabled":true,"_links":{"self":[{"href":"https:\/\/www.djk-erlangen.de\/fussball\/index.php?rest_route=\/wp\/v2\/posts\/12954","targetHints":{"allow":["GET"]}}],"collection":[{"href":"https:\/\/www.djk-erlangen.de\/fussball\/index.php?rest_route=\/wp\/v2\/posts"}],"about":[{"href":"https:\/\/www.djk-erlangen.de\/fussball\/index.php?rest_route=\/wp\/v2\/types\/post"}],"author":[{"embeddable":true,"href":"https:\/\/www.djk-erlangen.de\/fussball\/index.php?rest_route=\/wp\/v2\/users\/32"}],"replies":[{"embeddable":true,"href":"https:\/\/www.djk-erlangen.de\/fussball\/index.php?rest_route=%2Fwp%2Fv2%2Fcomments&post=12954"}],"version-history":[{"count":1,"href":"https:\/\/www.djk-erlangen.de\/fussball\/index.php?rest_route=\/wp\/v2\/posts\/12954\/revisions"}],"predecessor-version":[{"id":12955,"href":"https:\/\/www.djk-erlangen.de\/fussball\/index.php?rest_route=\/wp\/v2\/posts\/12954\/revisions\/12955"}],"wp:attachment":[{"href":"https:\/\/www.djk-erlangen.de\/fussball\/index.php?rest_route=%2Fwp%2Fv2%2Fmedia&parent=12954"}],"wp:term":[{"taxonomy":"category","embeddable":true,"href":"https:\/\/www.djk-erlangen.de\/fussball\/index.php?rest_route=%2Fwp%2Fv2%2Fcategories&post=12954"},{"taxonomy":"post_tag","embeddable":true,"href":"https:\/\/www.djk-erlangen.de\/fussball\/index.php?rest_route=%2Fwp%2Fv2%2Ftags&post=12954"}],"curies":[{"name":"wp","href":"https:\/\/api.w.org\/{rel}","templated":true}]}}