{"id":12816,"date":"2015-06-21T15:55:19","date_gmt":"2015-06-21T13:55:19","guid":{"rendered":"http:\/\/www.djk-erlangen.de\/fussball\/?p=12816"},"modified":"2015-06-21T15:55:19","modified_gmt":"2015-06-21T13:55:19","slug":"b-junioren-gegen-asv-weisendorf","status":"publish","type":"post","link":"https:\/\/www.djk-erlangen.de\/fussball\/?p=12816","title":{"rendered":"B-Junioren gegen ASV Weisendorf"},"content":{"rendered":"<p>Heute war es also auch f\u00fcr unsere B-Junioren soweit, das letzte Punktspiel Stand auf dem Kalender. Nachdem die Meisterschaft bereits am letzten Wochende entschieden wurde, musste f\u00fcr das Asuw\u00e4hrtsspiel beim Tabellenzweiten eine neue Parole gefunden werden. Mit Blick auf unser Torverh\u00e4ltnis und den Punktestand war schnell klar, das es heute nur noch um den Erhalt der sauberen Weste und die Aufbesserung des Torkontos gehen sollte. Bei tr\u00fcben Wetter wurde die Partie p\u00fcnktlich durch den guten Schiedsrichter angepfiffen. <!--more-->Anfangs konnte sich der Gastgeber eine optische \u00dcberlegenheit erspielen jedoch ohne z\u00e4hlbaren Erfolg. Ein sch\u00f6nes Kontertor Mitte der ersten Halbzeit und ein sehenswerter Fernschuss kurz vor der Halbzeit sorgten dann doch f\u00fcr die erhoffte Pausenf\u00fchrung unserer Jungs. Im zweiten Abschnitt konnten sich die Weisedorfer zu Beginn wieder ein leichtes \u00dcbergewicht erspielen. jedoch wurden die Bem\u00fchungen j\u00e4h durch unser drittes Tor unterbrochen, wenn dies auch nach einer etwas umstrittenen Situation zu Stande kam. Danach war die Gegenwehr der Gastgeber gebrochen und es ging am Ende nur noch um die H\u00f6he des Sieges, wobei das Endergebnis nach Meinung der Redaktion\u00a0 nicht den tats\u00e4chlichen Leistungsstand der beiden Mannschaften wiedergibt.<\/p>\n","protected":false},"excerpt":{"rendered":"<p>Heute war es also auch f\u00fcr unsere B-Junioren soweit, das letzte Punktspiel Stand auf dem Kalender. Nachdem die Meisterschaft bereits am letzten Wochende entschieden wurde, musste f\u00fcr das Asuw\u00e4hrtsspiel beim Tabellenzweiten eine neue Parole gefunden werden. Mit Blick auf unser &hellip; <a href=\"https:\/\/www.djk-erlangen.de\/fussball\/?p=12816\">Weiterlesen <span class=\"meta-nav\">&rarr;<\/span><\/a><\/p>\n","protected":false},"author":7,"featured_media":0,"comment_status":"open","ping_status":"closed","sticky":false,"template":"","format":"standard","meta":{"jetpack_post_was_ever_published":false,"_jetpack_newsletter_access":"","_jetpack_dont_email_post_to_subs":false,"_jetpack_newsletter_tier_id":0,"_jetpack_memberships_contains_paywalled_content":false,"_jetpack_memberships_contains_paid_content":false,"footnotes":"","jetpack_publicize_message":"","jetpack_publicize_feature_enabled":true,"jetpack_social_post_already_shared":true,"jetpack_social_options":{"image_generator_settings":{"template":"highway","default_image_id":0,"font":"","enabled":false},"version":2}},"categories":[1,12],"tags":[],"class_list":["post-12816","post","type-post","status-publish","format-standard","hentry","category-allgemein","category-u17"],"jetpack_publicize_connections":[],"jetpack_featured_media_url":"","jetpack_shortlink":"https:\/\/wp.me\/p2ZUr0-3kI","jetpack_sharing_enabled":true,"_links":{"self":[{"href":"https:\/\/www.djk-erlangen.de\/fussball\/index.php?rest_route=\/wp\/v2\/posts\/12816","targetHints":{"allow":["GET"]}}],"collection":[{"href":"https:\/\/www.djk-erlangen.de\/fussball\/index.php?rest_route=\/wp\/v2\/posts"}],"about":[{"href":"https:\/\/www.djk-erlangen.de\/fussball\/index.php?rest_route=\/wp\/v2\/types\/post"}],"author":[{"embeddable":true,"href":"https:\/\/www.djk-erlangen.de\/fussball\/index.php?rest_route=\/wp\/v2\/users\/7"}],"replies":[{"embeddable":true,"href":"https:\/\/www.djk-erlangen.de\/fussball\/index.php?rest_route=%2Fwp%2Fv2%2Fcomments&post=12816"}],"version-history":[{"count":1,"href":"https:\/\/www.djk-erlangen.de\/fussball\/index.php?rest_route=\/wp\/v2\/posts\/12816\/revisions"}],"predecessor-version":[{"id":12817,"href":"https:\/\/www.djk-erlangen.de\/fussball\/index.php?rest_route=\/wp\/v2\/posts\/12816\/revisions\/12817"}],"wp:attachment":[{"href":"https:\/\/www.djk-erlangen.de\/fussball\/index.php?rest_route=%2Fwp%2Fv2%2Fmedia&parent=12816"}],"wp:term":[{"taxonomy":"category","embeddable":true,"href":"https:\/\/www.djk-erlangen.de\/fussball\/index.php?rest_route=%2Fwp%2Fv2%2Fcategories&post=12816"},{"taxonomy":"post_tag","embeddable":true,"href":"https:\/\/www.djk-erlangen.de\/fussball\/index.php?rest_route=%2Fwp%2Fv2%2Ftags&post=12816"}],"curies":[{"name":"wp","href":"https:\/\/api.w.org\/{rel}","templated":true}]}}