{"id":12814,"date":"2015-06-21T12:18:50","date_gmt":"2015-06-21T10:18:50","guid":{"rendered":"http:\/\/www.djk-erlangen.de\/fussball\/?p=12814"},"modified":"2015-06-21T12:18:50","modified_gmt":"2015-06-21T10:18:50","slug":"d1-verabschiedet-sich-mit-einem-auswaertssieg","status":"publish","type":"post","link":"https:\/\/www.djk-erlangen.de\/fussball\/?p=12814","title":{"rendered":"D1 verabschiedet sich mit einem Ausw\u00e4rtssieg"},"content":{"rendered":"<p>Zu ihrem letzten Pflichtspiel im Kompaktfeld durfte die D1 am Spieltag zum Hammerbacher SV reisen. P\u00fcnktlich mit dem Anpfiff setzte dann auch str\u00f6mender Regen ein und ein f\u00fcr den Sommeranfang recht kalter Wind pfiff zus\u00e4tzlich \u00fcber das Gel\u00e4nde.<\/p>\n<p><!--more--><\/p>\n<p>Mit dem ersten Angriff der Wiesenwegbuben gingen wir auch schon mit 0:1 in F\u00fchrung. Das nasse Spielger\u00e4t wurde vom HSV Keeper ins eigene Geh\u00e4use transferiert. In der Folgezeit der Partie waren wir zwar bem\u00fcht das Spielgeschehen zu kontrollieren, was uns aber nur phasenweise gelang.<br \/>\nWir hatten auch deutlich mehr Spielanteile aber vor dem Tor versagten die Nerven. So dauerte es dann doch bis zur 24 Spielminute eh unser Topscorer Ari die Seinigen mit 0:2 in Front brachte. Einen leichtfertigen Ballverlust in unserem Mittelfeld konnten dann die Hausherren nutzen um noch vor der Pause auf 1:2 zu verk\u00fcrzen.<\/p>\n<p>Auch im zweiten Spielabschnitt konnten wir unsere \u00dcberlegenheit nicht in was Z\u00e4hlbares umm\u00fcnzen und so mu\u00dfte man dann auch ein ums\u00a0 andere Mal sich nicht nur die Regentropfen aus dem Gesicht wischen. F\u00fcr die Entscheidung sorgte dann der seit Wochen in \u00fcberragender Manier aufspielende Daniel mit einem sehenswerten Distanzschu\u00df zum 1:3 Endstand.<\/p>\n<p>Somit verabschiedete sich die D1 Jugend mit einem Sieg aus dem Kompaktfeld und freut sich auf die neue Herausforderung &#8222;Gro\u00dffeld&#8220;<\/p>\n<p>DJK Aufgebot:<br \/>\nLuis; Daniel; Ali-Alex; Oliver; Lorenz; Yannick; Arijan; Flo; Lasse; Luca<\/p>\n<p>Tore:<br \/>\nET (1); Ari (1); Daniel (1)<\/p>\n","protected":false},"excerpt":{"rendered":"<p>Zu ihrem letzten Pflichtspiel im Kompaktfeld durfte die D1 am Spieltag zum Hammerbacher SV reisen. P\u00fcnktlich mit dem Anpfiff setzte dann auch str\u00f6mender Regen ein und ein f\u00fcr den Sommeranfang recht kalter Wind pfiff zus\u00e4tzlich \u00fcber das Gel\u00e4nde.<\/p>\n","protected":false},"author":32,"featured_media":0,"comment_status":"open","ping_status":"closed","sticky":false,"template":"","format":"standard","meta":{"jetpack_post_was_ever_published":false,"_jetpack_newsletter_access":"","_jetpack_dont_email_post_to_subs":false,"_jetpack_newsletter_tier_id":0,"_jetpack_memberships_contains_paywalled_content":false,"_jetpack_memberships_contains_paid_content":false,"footnotes":"","jetpack_publicize_message":"","jetpack_publicize_feature_enabled":true,"jetpack_social_post_already_shared":true,"jetpack_social_options":{"image_generator_settings":{"template":"highway","default_image_id":0,"font":"","enabled":false},"version":2}},"categories":[34],"tags":[],"class_list":["post-12814","post","type-post","status-publish","format-standard","hentry","category-u13-d1"],"jetpack_publicize_connections":[],"jetpack_featured_media_url":"","jetpack_shortlink":"https:\/\/wp.me\/p2ZUr0-3kG","jetpack_sharing_enabled":true,"_links":{"self":[{"href":"https:\/\/www.djk-erlangen.de\/fussball\/index.php?rest_route=\/wp\/v2\/posts\/12814","targetHints":{"allow":["GET"]}}],"collection":[{"href":"https:\/\/www.djk-erlangen.de\/fussball\/index.php?rest_route=\/wp\/v2\/posts"}],"about":[{"href":"https:\/\/www.djk-erlangen.de\/fussball\/index.php?rest_route=\/wp\/v2\/types\/post"}],"author":[{"embeddable":true,"href":"https:\/\/www.djk-erlangen.de\/fussball\/index.php?rest_route=\/wp\/v2\/users\/32"}],"replies":[{"embeddable":true,"href":"https:\/\/www.djk-erlangen.de\/fussball\/index.php?rest_route=%2Fwp%2Fv2%2Fcomments&post=12814"}],"version-history":[{"count":1,"href":"https:\/\/www.djk-erlangen.de\/fussball\/index.php?rest_route=\/wp\/v2\/posts\/12814\/revisions"}],"predecessor-version":[{"id":12815,"href":"https:\/\/www.djk-erlangen.de\/fussball\/index.php?rest_route=\/wp\/v2\/posts\/12814\/revisions\/12815"}],"wp:attachment":[{"href":"https:\/\/www.djk-erlangen.de\/fussball\/index.php?rest_route=%2Fwp%2Fv2%2Fmedia&parent=12814"}],"wp:term":[{"taxonomy":"category","embeddable":true,"href":"https:\/\/www.djk-erlangen.de\/fussball\/index.php?rest_route=%2Fwp%2Fv2%2Fcategories&post=12814"},{"taxonomy":"post_tag","embeddable":true,"href":"https:\/\/www.djk-erlangen.de\/fussball\/index.php?rest_route=%2Fwp%2Fv2%2Ftags&post=12814"}],"curies":[{"name":"wp","href":"https:\/\/api.w.org\/{rel}","templated":true}]}}