{"id":12799,"date":"2015-06-14T17:14:39","date_gmt":"2015-06-14T15:14:39","guid":{"rendered":"http:\/\/www.djk-erlangen.de\/fussball\/?p=12799"},"modified":"2015-06-14T18:02:11","modified_gmt":"2015-06-14T16:02:11","slug":"d6-wahrt-chance-auf-die-meisterschaft","status":"publish","type":"post","link":"https:\/\/www.djk-erlangen.de\/fussball\/?p=12799","title":{"rendered":"D3 wahrt Chance auf die Meisterschaft"},"content":{"rendered":"<p>Bei bestem Fu\u00dfballwetter war man heute bei den Krenkickern zu Gast. Irgendwie waren wir noch nicht ganz wach am sonnigen Sonntag und da haben wir uns auch prompt das 1:0 gefangen.<\/p>\n<p><!--more--><\/p>\n<p>Dieser R\u00fcckstand schien unsere Jungs zu befl\u00fcgeln und wir konnten postwendend den Ausgleich erzielen. Noch vor der Pause konnten wir durch einen Sonntagsschu\u00df sogar in F\u00fchrung gehen.<br \/>\nIm zweiten Spielabschnitt erspielten wir uns dann zahlreichen M\u00f6glichkeiten das Ergebnis fr\u00fchzeitig klar zu gestalten. Scheiterten jedoch an der eigenen \u00dcberheblichkeit oder an dem guten Keeper<br \/>\nder Meerrettich-Kicker.<br \/>\nIn der Folgezeit der Partie konnten wir dann doch noch vier weitere Treffer erzielen und gingen auch so in dieser H\u00f6he als verdienter Sieger vom Platz.<\/p>\n<p>Somit haben es die Jungs am kommenden Sonntag zuhause gegen Gr\u00e4fenberg selbst in der Hand die Meisterschaft in den Wiesengrund zu holen.<\/p>\n","protected":false},"excerpt":{"rendered":"<p>Bei bestem Fu\u00dfballwetter war man heute bei den Krenkickern zu Gast. Irgendwie waren wir noch nicht ganz wach am sonnigen Sonntag und da haben wir uns auch prompt das 1:0 gefangen.<\/p>\n","protected":false},"author":32,"featured_media":0,"comment_status":"open","ping_status":"closed","sticky":false,"template":"","format":"standard","meta":{"jetpack_post_was_ever_published":false,"_jetpack_newsletter_access":"","_jetpack_dont_email_post_to_subs":false,"_jetpack_newsletter_tier_id":0,"_jetpack_memberships_contains_paywalled_content":false,"_jetpack_memberships_contains_paid_content":false,"footnotes":"","jetpack_publicize_message":"","jetpack_publicize_feature_enabled":true,"jetpack_social_post_already_shared":true,"jetpack_social_options":{"image_generator_settings":{"template":"highway","default_image_id":0,"font":"","enabled":false},"version":2}},"categories":[41],"tags":[],"class_list":["post-12799","post","type-post","status-publish","format-standard","hentry","category-u13-d3"],"jetpack_publicize_connections":[],"jetpack_featured_media_url":"","jetpack_shortlink":"https:\/\/wp.me\/p2ZUr0-3kr","jetpack_sharing_enabled":true,"_links":{"self":[{"href":"https:\/\/www.djk-erlangen.de\/fussball\/index.php?rest_route=\/wp\/v2\/posts\/12799","targetHints":{"allow":["GET"]}}],"collection":[{"href":"https:\/\/www.djk-erlangen.de\/fussball\/index.php?rest_route=\/wp\/v2\/posts"}],"about":[{"href":"https:\/\/www.djk-erlangen.de\/fussball\/index.php?rest_route=\/wp\/v2\/types\/post"}],"author":[{"embeddable":true,"href":"https:\/\/www.djk-erlangen.de\/fussball\/index.php?rest_route=\/wp\/v2\/users\/32"}],"replies":[{"embeddable":true,"href":"https:\/\/www.djk-erlangen.de\/fussball\/index.php?rest_route=%2Fwp%2Fv2%2Fcomments&post=12799"}],"version-history":[{"count":2,"href":"https:\/\/www.djk-erlangen.de\/fussball\/index.php?rest_route=\/wp\/v2\/posts\/12799\/revisions"}],"predecessor-version":[{"id":12801,"href":"https:\/\/www.djk-erlangen.de\/fussball\/index.php?rest_route=\/wp\/v2\/posts\/12799\/revisions\/12801"}],"wp:attachment":[{"href":"https:\/\/www.djk-erlangen.de\/fussball\/index.php?rest_route=%2Fwp%2Fv2%2Fmedia&parent=12799"}],"wp:term":[{"taxonomy":"category","embeddable":true,"href":"https:\/\/www.djk-erlangen.de\/fussball\/index.php?rest_route=%2Fwp%2Fv2%2Fcategories&post=12799"},{"taxonomy":"post_tag","embeddable":true,"href":"https:\/\/www.djk-erlangen.de\/fussball\/index.php?rest_route=%2Fwp%2Fv2%2Ftags&post=12799"}],"curies":[{"name":"wp","href":"https:\/\/api.w.org\/{rel}","templated":true}]}}