{"id":12788,"date":"2015-06-13T22:17:15","date_gmt":"2015-06-13T20:17:15","guid":{"rendered":"http:\/\/www.djk-erlangen.de\/fussball\/?p=12788"},"modified":"2015-06-14T09:28:45","modified_gmt":"2015-06-14T07:28:45","slug":"d1-macht-den-sack-zu","status":"publish","type":"post","link":"https:\/\/www.djk-erlangen.de\/fussball\/?p=12788","title":{"rendered":"D1 macht den Sack zu!"},"content":{"rendered":"<p><a href=\"http:\/\/www.djk-erlangen.de\/fussball\/wp-content\/uploads\/2015\/06\/aufstieg1.jpg\"><img loading=\"lazy\" decoding=\"async\" class=\"aligncenter size-medium wp-image-12789\" src=\"http:\/\/www.djk-erlangen.de\/fussball\/wp-content\/uploads\/2015\/06\/aufstieg1.jpg\" alt=\"aufstieg1\" width=\"1\" height=\"1\" \/><\/a>Am heutigen Samstag war wieder Matchday bei uns am Wiesengrund! Bestes Fu\u00dfballwetter und eine hochmotivierte Mannschaft der D1 wollten heute endlich f\u00fcr Klarheit in der Tabelle sorgen und den entscheidenden Schritt in Sachen Austieg perfekt machen. Zu Gast war die JFG der NDR Franken.<\/p>\n<p><!--more-->Man war gewarnt aus dem Hinspiel, da taten wir uns \u00fcber den gesamten Spielverlauf trotz Feld\u00fcberlegenheit extrem schwer Tore zu erzielen. Auch heute war es \u00e4hnlich! Man hatte den Gegner total im Griff,\u00a0 nur nach vorne wollte uns nichts gelingen. Zumal wir auch auf unseren Topscorer Ari krankheitsbedingt verzichten mussten! Erst in der 17. Spielminute konnten wir nach einer sicheren Kombination, eingeleitet von Luca\u00a0 \u00fcber Lasse das Spielger\u00e4t zu unserem Mittelfeldmotor Konstantin bef\u00f6rdern, der sich ein Herz fasste und abzog. Der unvollendete Schu\u00df\u00a0 wurde final dann ein Lupfer und senkte sich unhaltbar ins gegnerische Geh\u00e4use. Somit war alles im gr\u00fcnen Bereich! Eine weitere klare Einschu\u00dfm\u00f6glichkeit nach Flanke von Yannick konnte Ben vor dem verweisten Tor leider nicht verwerten. Vielmehr wurde der Ball leichtfertig neben das Tor bef\u00f6rdert.<\/p>\n<p>In der Folgezeit der Partie behielt der souver\u00e4ne Schiedsrichter einen k\u00fchlen Kopf und war bei strittigen Situationen jederzeit Herr der Lage. So wechselte man mit einem knappen Vorsprung auch die Seiten.<\/p>\n<p>Im zweiten Spielabschnitt wurde das Nervenkost\u00fcm der zahlreichen DJK Anh\u00e4nger weiter beansprucht! Man hatte zwar Ball und Gegner im Griff, aber bei Ballbesitz der G\u00e4ste war unerkl\u00e4rlicherweise vor unserm Geh\u00e4use teilweise gro\u00dfe Gefahr! Gl\u00fccklicherweise war unser Turm in der Schlacht, Oli, immer auf dem Posten!<\/p>\n<p>Die G\u00e4ste steckten nie auf und so war es ein Spiel gegen die Uhr! F\u00fcr die Erl\u00f6sung sorgte dann eine Ecke der Wiesenwegbuben durch Konni, dessen Hereingabe ungl\u00fccklicherweise in der 60. Spielminute abgef\u00e4lscht wurde und im gegnerischen Geh\u00e4use landete.<\/p>\n<p>Nach dieser Aktion war Schlu\u00df am Wiesenweg und die D1 hat den Sack zugemacht und steigt auf!<\/p>\n<p>Jetzt war nur noch Party angesagt!<\/p>\n<p>&nbsp;<\/p>\n<p><a href=\"http:\/\/www.djk-erlangen.de\/fussball\/wp-content\/uploads\/2015\/06\/aufstieg1.jpg\"><img loading=\"lazy\" decoding=\"async\" class=\"aligncenter size-medium wp-image-12789\" src=\"http:\/\/www.djk-erlangen.de\/fussball\/wp-content\/uploads\/2015\/06\/aufstieg1.jpg\" alt=\"aufstieg1\" width=\"1\" height=\"1\" \/><\/a><a href=\"http:\/\/www.djk-erlangen.de\/fussball\/wp-content\/uploads\/2015\/06\/aufstieg1.jpg\"><img loading=\"lazy\" decoding=\"async\" class=\"aligncenter size-medium wp-image-12789\" src=\"http:\/\/www.djk-erlangen.de\/fussball\/wp-content\/uploads\/2015\/06\/aufstieg1.jpg\" alt=\"aufstieg1\" width=\"1\" height=\"1\" \/><\/a><a href=\"http:\/\/www.djk-erlangen.de\/fussball\/wp-content\/uploads\/2015\/06\/aufstieg1-Kopie.jpg\"><img loading=\"lazy\" decoding=\"async\" class=\" size-medium wp-image-12797 alignleft\" src=\"http:\/\/www.djk-erlangen.de\/fussball\/wp-content\/uploads\/2015\/06\/aufstieg1-Kopie-300x137.jpg\" alt=\"aufstieg1 - Kopie\" width=\"300\" height=\"137\" srcset=\"https:\/\/www.djk-erlangen.de\/fussball\/wp-content\/uploads\/2015\/06\/aufstieg1-Kopie-300x137.jpg 300w, https:\/\/www.djk-erlangen.de\/fussball\/wp-content\/uploads\/2015\/06\/aufstieg1-Kopie-150x69.jpg 150w, https:\/\/www.djk-erlangen.de\/fussball\/wp-content\/uploads\/2015\/06\/aufstieg1-Kopie.jpg 448w\" sizes=\"auto, (max-width: 300px) 100vw, 300px\" \/><\/a><\/p>\n<p><a href=\"http:\/\/www.djk-erlangen.de\/fussball\/wp-content\/uploads\/2015\/06\/aufstieg1.jpg\"><img loading=\"lazy\" decoding=\"async\" class=\"aligncenter size-medium wp-image-12789\" src=\"http:\/\/www.djk-erlangen.de\/fussball\/wp-content\/uploads\/2015\/06\/aufstieg1.jpg\" alt=\"aufstieg1\" width=\"1\" height=\"1\" \/><\/a><\/p>\n<p>&nbsp;<\/p>\n<p>&nbsp;<\/p>\n<p>&nbsp;<\/p>\n<p>DJK Aufgebot:<br \/>\nLuis; Tim: Daniel: Ali-Alex; Oliver; Lorenz; Konstantin; Benedikt; Ben;\u00a0 Timm; Luca; Yannick; Lasse<\/p>\n<p>Tore:<br \/>\nKonni (1) ET (1)<\/p>\n","protected":false},"excerpt":{"rendered":"<p>Am heutigen Samstag war wieder Matchday bei uns am Wiesengrund! Bestes Fu\u00dfballwetter und eine hochmotivierte Mannschaft der D1 wollten heute endlich f\u00fcr Klarheit in der Tabelle sorgen und den entscheidenden Schritt in Sachen Austieg perfekt machen. Zu Gast war die &hellip; <a href=\"https:\/\/www.djk-erlangen.de\/fussball\/?p=12788\">Weiterlesen <span class=\"meta-nav\">&rarr;<\/span><\/a><\/p>\n","protected":false},"author":32,"featured_media":0,"comment_status":"open","ping_status":"closed","sticky":false,"template":"","format":"standard","meta":{"jetpack_post_was_ever_published":false,"_jetpack_newsletter_access":"","_jetpack_dont_email_post_to_subs":false,"_jetpack_newsletter_tier_id":0,"_jetpack_memberships_contains_paywalled_content":false,"_jetpack_memberships_contains_paid_content":false,"footnotes":"","jetpack_publicize_message":"","jetpack_publicize_feature_enabled":true,"jetpack_social_post_already_shared":true,"jetpack_social_options":{"image_generator_settings":{"template":"highway","default_image_id":0,"font":"","enabled":false},"version":2}},"categories":[34],"tags":[],"class_list":["post-12788","post","type-post","status-publish","format-standard","hentry","category-u13-d1"],"jetpack_publicize_connections":[],"jetpack_featured_media_url":"","jetpack_shortlink":"https:\/\/wp.me\/p2ZUr0-3kg","jetpack_sharing_enabled":true,"_links":{"self":[{"href":"https:\/\/www.djk-erlangen.de\/fussball\/index.php?rest_route=\/wp\/v2\/posts\/12788","targetHints":{"allow":["GET"]}}],"collection":[{"href":"https:\/\/www.djk-erlangen.de\/fussball\/index.php?rest_route=\/wp\/v2\/posts"}],"about":[{"href":"https:\/\/www.djk-erlangen.de\/fussball\/index.php?rest_route=\/wp\/v2\/types\/post"}],"author":[{"embeddable":true,"href":"https:\/\/www.djk-erlangen.de\/fussball\/index.php?rest_route=\/wp\/v2\/users\/32"}],"replies":[{"embeddable":true,"href":"https:\/\/www.djk-erlangen.de\/fussball\/index.php?rest_route=%2Fwp%2Fv2%2Fcomments&post=12788"}],"version-history":[{"count":7,"href":"https:\/\/www.djk-erlangen.de\/fussball\/index.php?rest_route=\/wp\/v2\/posts\/12788\/revisions"}],"predecessor-version":[{"id":12798,"href":"https:\/\/www.djk-erlangen.de\/fussball\/index.php?rest_route=\/wp\/v2\/posts\/12788\/revisions\/12798"}],"wp:attachment":[{"href":"https:\/\/www.djk-erlangen.de\/fussball\/index.php?rest_route=%2Fwp%2Fv2%2Fmedia&parent=12788"}],"wp:term":[{"taxonomy":"category","embeddable":true,"href":"https:\/\/www.djk-erlangen.de\/fussball\/index.php?rest_route=%2Fwp%2Fv2%2Fcategories&post=12788"},{"taxonomy":"post_tag","embeddable":true,"href":"https:\/\/www.djk-erlangen.de\/fussball\/index.php?rest_route=%2Fwp%2Fv2%2Ftags&post=12788"}],"curies":[{"name":"wp","href":"https:\/\/api.w.org\/{rel}","templated":true}]}}