{"id":12715,"date":"2015-05-08T23:07:59","date_gmt":"2015-05-08T21:07:59","guid":{"rendered":"http:\/\/www.djk-erlangen.de\/fussball\/?p=12715"},"modified":"2015-05-08T23:07:59","modified_gmt":"2015-05-08T21:07:59","slug":"d1-mit-knapper-niederlage-beim-tabellenfuehrer","status":"publish","type":"post","link":"https:\/\/www.djk-erlangen.de\/fussball\/?p=12715","title":{"rendered":"D1 mit knapper Niederlage beim Tabellenf\u00fchrer"},"content":{"rendered":"<p>Am heutigen Freitagnachmittag durften wir bei bestem Fu\u00dfballwetter in Langensendelbach beim Tabellenf\u00fchrer und feststehenden Aufsteiger der JFG Regnitztal antreten. Unser neuformiertes Trainerteam hatte die Mannschaft blendend eingestellt und die Jungs zeigten eine deutliche Leistungssteigerung zu den vergangenen Wochen.<br \/>\n<!--more--><\/p>\n<p>So konnte man auch im ersten Spielabschnitt mit einer geschlossenen Mannschaftsleistung das Spielgeschehen offen gestalten und man sah eine wirklich hochklassige Partie h\u00fcben wie dr\u00fcben. Einige gute Chancen auf beiden Seiten wurden durch<br \/>\ndie sehr massiven Abwehrreihen zu nichte gemacht. Mit einem leistungsgerechten torlosen Remis ging es dann auch in die Pause.<\/p>\n<p>Im zweiten Spielabschnitt \u00f6ffneten\u00a0 beide Mannschaften etwas die Visiere und wollten unbedingt den F\u00fchrungstreffer erzwingen. Die Hausherren arbeiteten etwas zielstrebiger gegen den Ball und kamen wie aus dem Nichts in der 34. Minute durch Schaumberger zur 1:0 F\u00fchrung. Dieser Gegentreffer r\u00fcttelte die Wiesenwegbuben wach und postwendend kamen wir nach einem sch\u00f6nen Zuspiel von Benedikt auf Ben durch diesen nur eine Minute sp\u00e4ter zum Ausgleich. Im weiteren Spielverlauf dr\u00e4ngten beide Mannschaften auf den zweiten Treffer. Die beste Chance hatte dabei unser Mittelfeldmotor Konstantin, der einen pr\u00e4zisen Freisto\u00df von Oli auf das lange Eck knapp am Geh\u00e4use vorbei k\u00f6pfte.<\/p>\n<p>Eigentlich h\u00e4tte der gute Referee das Spiel nach 45 Minuten abpfeifen k\u00f6nnen, denn es h\u00e4tte jeder der zahlreichen Zuschauer das Untentschieden akzeptiert. Aber leider ist Fu\u00dfball kein Wunschkonzert und so traf es uns in der 47. Minute ganz bitter. Ein im Mittelfeld vertendelter Ball wurde nicht energisch genug nachgesetzt und der durchgebrochene St\u00fcrmer konnte leider nur knapp nach der Grenze zum Strafraum vom Ball getrennt werden. Der umsichtig leitende Schiedsrichter z\u00f6gerte keine Sekunde und zeigte auf den omin\u00f6sen Punkt. Diese Chance lie\u00dfen sich die Hausherren nicht nehmen und erzielten durch diesen Strafsto\u00df die 2:1 F\u00fchrung f\u00fcr die JFG\u00b4ler.<\/p>\n<p>In den verbleibenden Spielminuten konnten wir das Ruder nicht mehr rumrei\u00dfen und so mu\u00dften wir die Punkte leider in Langensendelbach lassen. So kann es im Kampf um Platz 2 nochmal richtig eng werden. Aber wir haben noch alles selber in der Hand und m\u00fcssen eben versuchen die restlichen drei Endspiele positiv zu gestalten. Mit der heute gezeigten Leistung sollte dies in jedem Falle eine machbare Aufgabe sein.<\/p>\n<p>An dieser Stelle gratulieren wir der D1 der JFG Regnitztal zum Aufstieg in die Kreisklasse und hoffen auf einen fairen und sportlichen Saisonausklang.<\/p>\n<p>DJK Aufgebot:<br \/>\nLuis; Daniel; Ali-Alex; Oliver; Lorenz; Konstantin; Benedikt; Ben; Yannick; Luca; Flo; Lasse;<\/p>\n<p>Tor:<br \/>\nBen (1)<\/p>\n","protected":false},"excerpt":{"rendered":"<p>Am heutigen Freitagnachmittag durften wir bei bestem Fu\u00dfballwetter in Langensendelbach beim Tabellenf\u00fchrer und feststehenden Aufsteiger der JFG Regnitztal antreten. Unser neuformiertes Trainerteam hatte die Mannschaft blendend eingestellt und die Jungs zeigten eine deutliche Leistungssteigerung zu den vergangenen Wochen.<\/p>\n","protected":false},"author":32,"featured_media":0,"comment_status":"open","ping_status":"closed","sticky":false,"template":"","format":"standard","meta":{"jetpack_post_was_ever_published":false,"_jetpack_newsletter_access":"","_jetpack_dont_email_post_to_subs":false,"_jetpack_newsletter_tier_id":0,"_jetpack_memberships_contains_paywalled_content":false,"_jetpack_memberships_contains_paid_content":false,"footnotes":"","jetpack_publicize_message":"","jetpack_publicize_feature_enabled":true,"jetpack_social_post_already_shared":true,"jetpack_social_options":{"image_generator_settings":{"template":"highway","default_image_id":0,"font":"","enabled":false},"version":2}},"categories":[34],"tags":[],"class_list":["post-12715","post","type-post","status-publish","format-standard","hentry","category-u13-d1"],"jetpack_publicize_connections":[],"jetpack_featured_media_url":"","jetpack_shortlink":"https:\/\/wp.me\/p2ZUr0-3j5","jetpack_sharing_enabled":true,"_links":{"self":[{"href":"https:\/\/www.djk-erlangen.de\/fussball\/index.php?rest_route=\/wp\/v2\/posts\/12715","targetHints":{"allow":["GET"]}}],"collection":[{"href":"https:\/\/www.djk-erlangen.de\/fussball\/index.php?rest_route=\/wp\/v2\/posts"}],"about":[{"href":"https:\/\/www.djk-erlangen.de\/fussball\/index.php?rest_route=\/wp\/v2\/types\/post"}],"author":[{"embeddable":true,"href":"https:\/\/www.djk-erlangen.de\/fussball\/index.php?rest_route=\/wp\/v2\/users\/32"}],"replies":[{"embeddable":true,"href":"https:\/\/www.djk-erlangen.de\/fussball\/index.php?rest_route=%2Fwp%2Fv2%2Fcomments&post=12715"}],"version-history":[{"count":1,"href":"https:\/\/www.djk-erlangen.de\/fussball\/index.php?rest_route=\/wp\/v2\/posts\/12715\/revisions"}],"predecessor-version":[{"id":12716,"href":"https:\/\/www.djk-erlangen.de\/fussball\/index.php?rest_route=\/wp\/v2\/posts\/12715\/revisions\/12716"}],"wp:attachment":[{"href":"https:\/\/www.djk-erlangen.de\/fussball\/index.php?rest_route=%2Fwp%2Fv2%2Fmedia&parent=12715"}],"wp:term":[{"taxonomy":"category","embeddable":true,"href":"https:\/\/www.djk-erlangen.de\/fussball\/index.php?rest_route=%2Fwp%2Fv2%2Fcategories&post=12715"},{"taxonomy":"post_tag","embeddable":true,"href":"https:\/\/www.djk-erlangen.de\/fussball\/index.php?rest_route=%2Fwp%2Fv2%2Ftags&post=12715"}],"curies":[{"name":"wp","href":"https:\/\/api.w.org\/{rel}","templated":true}]}}