{"id":12703,"date":"2015-05-03T16:20:11","date_gmt":"2015-05-03T14:20:11","guid":{"rendered":"http:\/\/www.djk-erlangen.de\/fussball\/?p=12703"},"modified":"2015-05-03T16:24:50","modified_gmt":"2015-05-03T14:24:50","slug":"d3-bleibt-oben-dran","status":"publish","type":"post","link":"https:\/\/www.djk-erlangen.de\/fussball\/?p=12703","title":{"rendered":"D3 bleibt oben dran"},"content":{"rendered":"<p>Am heutigen Sonntag vormittag kam der TSV Brand an den Wiesenweg. P\u00fcnktlich zum Spielbeginn h\u00f6rte es dann auch auf zu regnen. Die Jungs vom Wiesenweg legten dann auch gleich los und gingen nach nur acht gespielten Minuten in F\u00fchrung.<\/p>\n<p><!--more--><\/p>\n<p>Leider kamen die G\u00e4ste nur zwei Minuten sp\u00e4ter zum Ausgleich und konnten\u00a0 durch einen Freisto\u00df in Spielminute 12 sogar in F\u00fchrung gehen. Es dauerte ein wenig bis sich die Heimelf wieder sortiert hatte und konnte in der 28. Minute die F\u00fchrung egalisieren. So stand es zur Pause 2:2 untentschieden.<\/p>\n<p>Im zweiten Durchgang hatten wir dann erneut den besseren Start und konnten auf 3:2 erh\u00f6hen. Aber auch diese F\u00fchrung wurde kurzum wieder vergeben, denn die Brander kamen erneut zum Ausgleich. Im letzten Spieldrittel waren wir dann wieder die dominantere Mannschaft und konnten noch 3 weitere Treffer zum final verdienten 6:3 Heimsieg nachlegen.<\/p>\n<p>Am kommenden Samstag kommt es dann in Hilpoltstein zur Begegnung Tabellenf\u00fchrer gegen den Verfolger.<\/p>\n<p>DJK Aufgebot (siehe Bild)<\/p>\n<p><a href=\"http:\/\/www.djk-erlangen.de\/fussball\/wp-content\/uploads\/2015\/05\/IMG_2824.jpg\"><img loading=\"lazy\" decoding=\"async\" class=\"alignnone size-medium wp-image-12706\" src=\"http:\/\/www.djk-erlangen.de\/fussball\/wp-content\/uploads\/2015\/05\/IMG_2824-300x225.jpg\" alt=\"IMG_2824\" width=\"300\" height=\"225\" srcset=\"https:\/\/www.djk-erlangen.de\/fussball\/wp-content\/uploads\/2015\/05\/IMG_2824-300x225.jpg 300w, https:\/\/www.djk-erlangen.de\/fussball\/wp-content\/uploads\/2015\/05\/IMG_2824-150x113.jpg 150w, https:\/\/www.djk-erlangen.de\/fussball\/wp-content\/uploads\/2015\/05\/IMG_2824-1024x768.jpg 1024w, https:\/\/www.djk-erlangen.de\/fussball\/wp-content\/uploads\/2015\/05\/IMG_2824.jpg 1280w\" sizes=\"auto, (max-width: 300px) 100vw, 300px\" \/><\/a><\/p>\n","protected":false},"excerpt":{"rendered":"<p>Am heutigen Sonntag vormittag kam der TSV Brand an den Wiesenweg. P\u00fcnktlich zum Spielbeginn h\u00f6rte es dann auch auf zu regnen. Die Jungs vom Wiesenweg legten dann auch gleich los und gingen nach nur acht gespielten Minuten in F\u00fchrung.<\/p>\n","protected":false},"author":2,"featured_media":0,"comment_status":"open","ping_status":"closed","sticky":false,"template":"","format":"standard","meta":{"jetpack_post_was_ever_published":false,"_jetpack_newsletter_access":"","_jetpack_dont_email_post_to_subs":false,"_jetpack_newsletter_tier_id":0,"_jetpack_memberships_contains_paywalled_content":false,"_jetpack_memberships_contains_paid_content":false,"footnotes":"","jetpack_publicize_message":"","jetpack_publicize_feature_enabled":true,"jetpack_social_post_already_shared":true,"jetpack_social_options":{"image_generator_settings":{"template":"highway","default_image_id":0,"font":"","enabled":false},"version":2}},"categories":[41],"tags":[],"class_list":["post-12703","post","type-post","status-publish","format-standard","hentry","category-u13-d3"],"jetpack_publicize_connections":[],"jetpack_featured_media_url":"","jetpack_shortlink":"https:\/\/wp.me\/p2ZUr0-3iT","jetpack_sharing_enabled":true,"_links":{"self":[{"href":"https:\/\/www.djk-erlangen.de\/fussball\/index.php?rest_route=\/wp\/v2\/posts\/12703","targetHints":{"allow":["GET"]}}],"collection":[{"href":"https:\/\/www.djk-erlangen.de\/fussball\/index.php?rest_route=\/wp\/v2\/posts"}],"about":[{"href":"https:\/\/www.djk-erlangen.de\/fussball\/index.php?rest_route=\/wp\/v2\/types\/post"}],"author":[{"embeddable":true,"href":"https:\/\/www.djk-erlangen.de\/fussball\/index.php?rest_route=\/wp\/v2\/users\/2"}],"replies":[{"embeddable":true,"href":"https:\/\/www.djk-erlangen.de\/fussball\/index.php?rest_route=%2Fwp%2Fv2%2Fcomments&post=12703"}],"version-history":[{"count":3,"href":"https:\/\/www.djk-erlangen.de\/fussball\/index.php?rest_route=\/wp\/v2\/posts\/12703\/revisions"}],"predecessor-version":[{"id":12707,"href":"https:\/\/www.djk-erlangen.de\/fussball\/index.php?rest_route=\/wp\/v2\/posts\/12703\/revisions\/12707"}],"wp:attachment":[{"href":"https:\/\/www.djk-erlangen.de\/fussball\/index.php?rest_route=%2Fwp%2Fv2%2Fmedia&parent=12703"}],"wp:term":[{"taxonomy":"category","embeddable":true,"href":"https:\/\/www.djk-erlangen.de\/fussball\/index.php?rest_route=%2Fwp%2Fv2%2Fcategories&post=12703"},{"taxonomy":"post_tag","embeddable":true,"href":"https:\/\/www.djk-erlangen.de\/fussball\/index.php?rest_route=%2Fwp%2Fv2%2Ftags&post=12703"}],"curies":[{"name":"wp","href":"https:\/\/api.w.org\/{rel}","templated":true}]}}