{"id":12696,"date":"2015-05-02T17:00:09","date_gmt":"2015-05-02T15:00:09","guid":{"rendered":"http:\/\/www.djk-erlangen.de\/fussball\/?p=12696"},"modified":"2015-05-02T19:27:50","modified_gmt":"2015-05-02T17:27:50","slug":"couragierte-leistung-der-d1-wird-belohnt","status":"publish","type":"post","link":"https:\/\/www.djk-erlangen.de\/fussball\/?p=12696","title":{"rendered":"Couragierte Leistung der D1 wird belohnt"},"content":{"rendered":"<p>Zum R\u00fcckrundenauftakt trafen die Wiesenwegbuben am heutigen Samstag\u00a0 zuhause auf den ASV Niederndorf. Nach der Darbietung vom vergangenen Wochenende war man gewarnt und wollte sich nicht erneut einen Ausrutscher leisten.<br \/>\n<!--more--><\/p>\n<p>Unser Cheftrainer Rainer hatte die Mannschaft auf einigen Positionen umgebaut, auch um mehr Druck nach vorne zu entwickeln. Diese Umstellung tat unserem Spiel recht gut und wir kamen gut in die Partie. Auch waren wir hellwach und lie\u00dfen die<br \/>\nG\u00e4ste mit ihren beiden gef\u00e4hrlichen St\u00fcrmer nicht zur Entfaltung kommen. Es war eigentlich ein Spiel auf ein Tor! Nur wollte der Ball nicht im gegnerischen Geh\u00e4use landen. Teilweise gut herausgespielte Einschu\u00dfm\u00f6glichkeiten konnten selbst aus<br \/>\nk\u00fcrzester Distanz nicht verwandelt werden. So dauerte es bis zur 29. Minute, ehe Yannick einen abgeprallten Distanzschu\u00df zur umjubelten F\u00fchrung f\u00fcr die Wiesenwegbuben einschieben konnte. Mit dieser knappen F\u00fchrung wechselte man auch die Seiten.<\/p>\n<p>Im zweiten Spielabschnitt das gleiche Bild. Die spielbestimmende Mannschaft waren die Weichbuben. Leider brachte man sich durch ein unn\u00f6tiges, absichtliches Handspiel wieder selbst in Gefahr, aber der daraus resultierende Strafsto\u00df wurde kl\u00e4glich vergeben. So hatten wir gro\u00dfes Gl\u00fcck nicht den Ausgleich bekommen zu haben. In der Folgezeit der Partie kam unerkl\u00e4rlicherweise etwas Hektik auf und man verlor ein wenig den Faden in der doch recht einseitigen Partie. Erst in der 50. Spielminute konnte unser heute stark verbesserte Arijan nach sch\u00f6ner Hereingabe von Konstantin auf 2:0 f\u00fcr die &#8222;Seinigen&#8220; erh\u00f6hen.<br \/>\nWer jedoch glaubte diese sichere F\u00fchrung k\u00f6nnte man \u00fcber die Zeit retten, sah sich geirrt! Ein einziger Angriff \u00fcber die linke Au\u00dfenbahn der Niederndorfer, welcher mit einer Bogenlampe zum 2:1 abgeschlossen werden konnte, sorgte nochmals f\u00fcr<br \/>\nSpannung im Spiel und f\u00fcr Anspannung bei den heute wieder zahlreich erschienenen DJK Supporters.<\/p>\n<p>In der letzten Phase des Spiels konnte dann unser Konstantin nach einem sch\u00f6nen Freisto\u00df von Oliver den Return von der Latte in der 56. Minute zum erl\u00f6senden 3:1 in die Maschen bef\u00f6rdern. F\u00fcr den letztendlich auch in der H\u00f6he verdienten Schlu\u00dfpunkt sorgte dann Luca, der mit dem 4:1 in der 59. Minute sich f\u00fcr seine unverzagte Leistung belohnte und sich auch endlich in die Torsch\u00fctzenliste eintragen durfte. Final haben wir heute durch eine mannschaftliche Geschlossenheit gewonnen und m\u00fcssen diesen Schwung in die n\u00e4chsten beiden entscheidende Spiele mitnehmen.<br \/>\nBereits am kommenden Freitag spielen wir beim bereits feststehenden Aufsteiger und Tabellenf\u00fchrer JFG Regnitztal. Mit der heute gezeigten Leistung k\u00f6nnen wir dem Spitzenreiter ein Bein stellen und uns f\u00fcr die Hinspielniederlage rehabilitieren.<\/p>\n<p>An dieser Stelle m\u00f6chte ich mich auch im Namen der Mannschaft und den Verantwortlichen f\u00fcr den neuen Heim Trikotsatz bei Ralf Br\u00fcckner und seinem Team von der Physiotherapie Br\u00fcckner beim NEW an der Neum\u00fchle und in der M\u00f6hrendorfer Str. im \u00c4rztehaus recht herzlich bedanken. Die offizielle Pr\u00e4sentation wird in den n\u00e4chsten Wochen noch nachgeholt!<\/p>\n<p><a href=\"http:\/\/www.djk-erlangen.de\/fussball\/wp-content\/uploads\/2015\/05\/11109179_717977728312364_9063626323691369950_n.jpg\"><img loading=\"lazy\" decoding=\"async\" class=\" size-medium wp-image-12697 alignleft\" src=\"http:\/\/www.djk-erlangen.de\/fussball\/wp-content\/uploads\/2015\/05\/11109179_717977728312364_9063626323691369950_n-300x169.jpg\" alt=\"11109179_717977728312364_9063626323691369950_n\" width=\"300\" height=\"169\" srcset=\"https:\/\/www.djk-erlangen.de\/fussball\/wp-content\/uploads\/2015\/05\/11109179_717977728312364_9063626323691369950_n-300x169.jpg 300w, https:\/\/www.djk-erlangen.de\/fussball\/wp-content\/uploads\/2015\/05\/11109179_717977728312364_9063626323691369950_n-150x84.jpg 150w, https:\/\/www.djk-erlangen.de\/fussball\/wp-content\/uploads\/2015\/05\/11109179_717977728312364_9063626323691369950_n.jpg 960w\" sizes=\"auto, (max-width: 300px) 100vw, 300px\" \/><\/a><\/p>\n<p>&nbsp;<\/p>\n<p>&nbsp;<\/p>\n<p>&nbsp;<\/p>\n<p>&nbsp;<\/p>\n<p>&nbsp;<\/p>\n<p>&nbsp;<\/p>\n<p>DJK Aufgebot:<br \/>\nLuis; Tim; Daniel; Ali-Alex; Oliver; Lorenz; Konstantin; Benedikt; Luca; Arijan; Yannick;<\/p>\n<p>Tore:<br \/>\nArijan (1); Konstantin (1); Luca (1); Yannick (1)<\/p>\n","protected":false},"excerpt":{"rendered":"<p>Zum R\u00fcckrundenauftakt trafen die Wiesenwegbuben am heutigen Samstag\u00a0 zuhause auf den ASV Niederndorf. Nach der Darbietung vom vergangenen Wochenende war man gewarnt und wollte sich nicht erneut einen Ausrutscher leisten.<\/p>\n","protected":false},"author":32,"featured_media":0,"comment_status":"open","ping_status":"closed","sticky":false,"template":"","format":"standard","meta":{"jetpack_post_was_ever_published":false,"_jetpack_newsletter_access":"","_jetpack_dont_email_post_to_subs":false,"_jetpack_newsletter_tier_id":0,"_jetpack_memberships_contains_paywalled_content":false,"_jetpack_memberships_contains_paid_content":false,"footnotes":"","jetpack_publicize_message":"","jetpack_publicize_feature_enabled":true,"jetpack_social_post_already_shared":true,"jetpack_social_options":{"image_generator_settings":{"template":"highway","default_image_id":0,"font":"","enabled":false},"version":2}},"categories":[34],"tags":[],"class_list":["post-12696","post","type-post","status-publish","format-standard","hentry","category-u13-d1"],"jetpack_publicize_connections":[],"jetpack_featured_media_url":"","jetpack_shortlink":"https:\/\/wp.me\/p2ZUr0-3iM","jetpack_sharing_enabled":true,"_links":{"self":[{"href":"https:\/\/www.djk-erlangen.de\/fussball\/index.php?rest_route=\/wp\/v2\/posts\/12696","targetHints":{"allow":["GET"]}}],"collection":[{"href":"https:\/\/www.djk-erlangen.de\/fussball\/index.php?rest_route=\/wp\/v2\/posts"}],"about":[{"href":"https:\/\/www.djk-erlangen.de\/fussball\/index.php?rest_route=\/wp\/v2\/types\/post"}],"author":[{"embeddable":true,"href":"https:\/\/www.djk-erlangen.de\/fussball\/index.php?rest_route=\/wp\/v2\/users\/32"}],"replies":[{"embeddable":true,"href":"https:\/\/www.djk-erlangen.de\/fussball\/index.php?rest_route=%2Fwp%2Fv2%2Fcomments&post=12696"}],"version-history":[{"count":3,"href":"https:\/\/www.djk-erlangen.de\/fussball\/index.php?rest_route=\/wp\/v2\/posts\/12696\/revisions"}],"predecessor-version":[{"id":12700,"href":"https:\/\/www.djk-erlangen.de\/fussball\/index.php?rest_route=\/wp\/v2\/posts\/12696\/revisions\/12700"}],"wp:attachment":[{"href":"https:\/\/www.djk-erlangen.de\/fussball\/index.php?rest_route=%2Fwp%2Fv2%2Fmedia&parent=12696"}],"wp:term":[{"taxonomy":"category","embeddable":true,"href":"https:\/\/www.djk-erlangen.de\/fussball\/index.php?rest_route=%2Fwp%2Fv2%2Fcategories&post=12696"},{"taxonomy":"post_tag","embeddable":true,"href":"https:\/\/www.djk-erlangen.de\/fussball\/index.php?rest_route=%2Fwp%2Fv2%2Ftags&post=12696"}],"curies":[{"name":"wp","href":"https:\/\/api.w.org\/{rel}","templated":true}]}}