{"id":12692,"date":"2015-05-01T19:18:47","date_gmt":"2015-05-01T17:18:47","guid":{"rendered":"http:\/\/www.djk-erlangen.de\/fussball\/?p=12692"},"modified":"2015-05-05T22:31:42","modified_gmt":"2015-05-05T20:31:42","slug":"neuanschaffung-kleinfeldtor","status":"publish","type":"post","link":"https:\/\/www.djk-erlangen.de\/fussball\/?p=12692","title":{"rendered":"Neuanschaffung Kleinfeldtor"},"content":{"rendered":"<p>Die Fu\u00dfballjugend bedankt sich bei der Vorstandschaft f\u00fcr die Anschaffung des neuen Kleinfeldtores.<!--more--><\/p>\n<p>Das Tor ist kippsicher und mit Fahrrollen ausgestattet. Das l\u00e4sst das Herz eines jeden Fu\u00dfballers h\u00f6her schlagen.<\/p>\n<p>Besonderer Dank gilt\u00a0 Olaf und Robert. Beide haben das Tor aufgebaut, und das ohne, dass sie lange gefragt werden mussten. Klasse!<\/p>\n<p><a href=\"http:\/\/www.djk-erlangen.de\/fussball\/wp-content\/uploads\/2015\/05\/IMAG0066_BURST002-3.jpg\"><img loading=\"lazy\" decoding=\"async\" class=\"aligncenter size-full wp-image-12693\" src=\"http:\/\/www.djk-erlangen.de\/fussball\/wp-content\/uploads\/2015\/05\/IMAG0066_BURST002-3.jpg\" alt=\"IMAG0066_BURST002 (3)\" width=\"251\" height=\"288\" srcset=\"https:\/\/www.djk-erlangen.de\/fussball\/wp-content\/uploads\/2015\/05\/IMAG0066_BURST002-3.jpg 251w, https:\/\/www.djk-erlangen.de\/fussball\/wp-content\/uploads\/2015\/05\/IMAG0066_BURST002-3-131x150.jpg 131w\" sizes=\"auto, (max-width: 251px) 100vw, 251px\" \/><\/a><\/p>\n","protected":false},"excerpt":{"rendered":"<p>Die Fu\u00dfballjugend bedankt sich bei der Vorstandschaft f\u00fcr die Anschaffung des neuen Kleinfeldtores.<\/p>\n","protected":false},"author":9,"featured_media":0,"comment_status":"open","ping_status":"closed","sticky":false,"template":"","format":"standard","meta":{"jetpack_post_was_ever_published":false,"_jetpack_newsletter_access":"","_jetpack_dont_email_post_to_subs":false,"_jetpack_newsletter_tier_id":0,"_jetpack_memberships_contains_paywalled_content":false,"_jetpack_memberships_contains_paid_content":false,"footnotes":"","jetpack_publicize_message":"","jetpack_publicize_feature_enabled":true,"jetpack_social_post_already_shared":true,"jetpack_social_options":{"image_generator_settings":{"template":"highway","default_image_id":0,"font":"","enabled":false},"version":2}},"categories":[1],"tags":[],"class_list":["post-12692","post","type-post","status-publish","format-standard","hentry","category-allgemein"],"jetpack_publicize_connections":[],"jetpack_featured_media_url":"","jetpack_shortlink":"https:\/\/wp.me\/p2ZUr0-3iI","jetpack_sharing_enabled":true,"_links":{"self":[{"href":"https:\/\/www.djk-erlangen.de\/fussball\/index.php?rest_route=\/wp\/v2\/posts\/12692","targetHints":{"allow":["GET"]}}],"collection":[{"href":"https:\/\/www.djk-erlangen.de\/fussball\/index.php?rest_route=\/wp\/v2\/posts"}],"about":[{"href":"https:\/\/www.djk-erlangen.de\/fussball\/index.php?rest_route=\/wp\/v2\/types\/post"}],"author":[{"embeddable":true,"href":"https:\/\/www.djk-erlangen.de\/fussball\/index.php?rest_route=\/wp\/v2\/users\/9"}],"replies":[{"embeddable":true,"href":"https:\/\/www.djk-erlangen.de\/fussball\/index.php?rest_route=%2Fwp%2Fv2%2Fcomments&post=12692"}],"version-history":[{"count":4,"href":"https:\/\/www.djk-erlangen.de\/fussball\/index.php?rest_route=\/wp\/v2\/posts\/12692\/revisions"}],"predecessor-version":[{"id":12710,"href":"https:\/\/www.djk-erlangen.de\/fussball\/index.php?rest_route=\/wp\/v2\/posts\/12692\/revisions\/12710"}],"wp:attachment":[{"href":"https:\/\/www.djk-erlangen.de\/fussball\/index.php?rest_route=%2Fwp%2Fv2%2Fmedia&parent=12692"}],"wp:term":[{"taxonomy":"category","embeddable":true,"href":"https:\/\/www.djk-erlangen.de\/fussball\/index.php?rest_route=%2Fwp%2Fv2%2Fcategories&post=12692"},{"taxonomy":"post_tag","embeddable":true,"href":"https:\/\/www.djk-erlangen.de\/fussball\/index.php?rest_route=%2Fwp%2Fv2%2Ftags&post=12692"}],"curies":[{"name":"wp","href":"https:\/\/api.w.org\/{rel}","templated":true}]}}