{"id":12678,"date":"2015-05-01T19:04:39","date_gmt":"2015-05-01T17:04:39","guid":{"rendered":"http:\/\/www.djk-erlangen.de\/fussball\/?p=12678"},"modified":"2015-05-05T22:35:30","modified_gmt":"2015-05-05T20:35:30","slug":"erlanger-raedli-2015","status":"publish","type":"post","link":"https:\/\/www.djk-erlangen.de\/fussball\/?p=12678","title":{"rendered":"Erlanger R\u00e4dli 2015"},"content":{"rendered":"<p>Die DJK war 2015 auch wieder dabei. Dank W\u00fcstner &amp; Friends, den Handballern und den Tennislern war die Veranstaltung ein voller Erfolg.<!--more--><\/p>\n<p>Mehrere hundert Radfahrer bew\u00e4ltigten den extra f\u00fcr die R\u00e4dli aufgebauten Parcours: Slalom fahren und Wippe \u00fcberqueren waren die Aufgaben um an ein L\u00f6sungswort zu kommen.<!--more--><\/p>\n<p>Leckere Kuchen und der Grill von Dimi haben viele G\u00e4ste zum l\u00e4ngeren Verweilen am DJK Gel\u00e4nde eingeladen.<\/p>\n<p>Klasse, dass alle Sparten des Vereins diese Aktion gemeinsam unterst\u00fctzt haben.<\/p>\n<p><a href=\"http:\/\/www.djk-erlangen.de\/fussball\/wp-content\/uploads\/2015\/05\/R\u00e4dli11.jpg\"><img loading=\"lazy\" decoding=\"async\" class=\" size-full wp-image-12684 alignleft\" src=\"http:\/\/www.djk-erlangen.de\/fussball\/wp-content\/uploads\/2015\/05\/R\u00e4dli11.jpg\" alt=\"R\u00e4dli1\" width=\"320\" height=\"253\" srcset=\"https:\/\/www.djk-erlangen.de\/fussball\/wp-content\/uploads\/2015\/05\/R\u00e4dli11.jpg 320w, https:\/\/www.djk-erlangen.de\/fussball\/wp-content\/uploads\/2015\/05\/R\u00e4dli11-150x119.jpg 150w, https:\/\/www.djk-erlangen.de\/fussball\/wp-content\/uploads\/2015\/05\/R\u00e4dli11-300x237.jpg 300w\" sizes=\"auto, (max-width: 320px) 100vw, 320px\" \/><\/a><a href=\"http:\/\/www.djk-erlangen.de\/fussball\/wp-content\/uploads\/2015\/05\/IMG_20150501_121321.jpg\"><img loading=\"lazy\" decoding=\"async\" class=\"  wp-image-12683 alignleft\" src=\"http:\/\/www.djk-erlangen.de\/fussball\/wp-content\/uploads\/2015\/05\/IMG_20150501_121321.jpg\" alt=\"IMG_20150501_121321\" width=\"283\" height=\"254\" srcset=\"https:\/\/www.djk-erlangen.de\/fussball\/wp-content\/uploads\/2015\/05\/IMG_20150501_121321.jpg 320w, https:\/\/www.djk-erlangen.de\/fussball\/wp-content\/uploads\/2015\/05\/IMG_20150501_121321-150x135.jpg 150w, https:\/\/www.djk-erlangen.de\/fussball\/wp-content\/uploads\/2015\/05\/IMG_20150501_121321-300x270.jpg 300w\" sizes=\"auto, (max-width: 283px) 100vw, 283px\" \/><\/a><a href=\"http:\/\/www.djk-erlangen.de\/fussball\/wp-content\/uploads\/2015\/05\/IMG_20150501_121529.jpg\"><img loading=\"lazy\" decoding=\"async\" class=\"  wp-image-12686 alignleft\" src=\"http:\/\/www.djk-erlangen.de\/fussball\/wp-content\/uploads\/2015\/05\/IMG_20150501_121529.jpg\" alt=\"IMG_20150501_121529\" width=\"356\" height=\"254\" srcset=\"https:\/\/www.djk-erlangen.de\/fussball\/wp-content\/uploads\/2015\/05\/IMG_20150501_121529.jpg 320w, https:\/\/www.djk-erlangen.de\/fussball\/wp-content\/uploads\/2015\/05\/IMG_20150501_121529-150x107.jpg 150w, https:\/\/www.djk-erlangen.de\/fussball\/wp-content\/uploads\/2015\/05\/IMG_20150501_121529-300x214.jpg 300w\" sizes=\"auto, (max-width: 356px) 100vw, 356px\" \/><\/a><\/p>\n<p>&nbsp;<\/p>\n","protected":false},"excerpt":{"rendered":"<p>Die DJK war 2015 auch wieder dabei. Dank W\u00fcstner &amp; Friends, den Handballern und den Tennislern war die Veranstaltung ein voller Erfolg.<\/p>\n","protected":false},"author":9,"featured_media":0,"comment_status":"open","ping_status":"closed","sticky":false,"template":"","format":"standard","meta":{"jetpack_post_was_ever_published":false,"_jetpack_newsletter_access":"","_jetpack_dont_email_post_to_subs":false,"_jetpack_newsletter_tier_id":0,"_jetpack_memberships_contains_paywalled_content":false,"_jetpack_memberships_contains_paid_content":false,"footnotes":"","jetpack_publicize_message":"","jetpack_publicize_feature_enabled":true,"jetpack_social_post_already_shared":true,"jetpack_social_options":{"image_generator_settings":{"template":"highway","default_image_id":0,"font":"","enabled":false},"version":2}},"categories":[1],"tags":[],"class_list":["post-12678","post","type-post","status-publish","format-standard","hentry","category-allgemein"],"jetpack_publicize_connections":[],"jetpack_featured_media_url":"","jetpack_shortlink":"https:\/\/wp.me\/p2ZUr0-3iu","jetpack_sharing_enabled":true,"_links":{"self":[{"href":"https:\/\/www.djk-erlangen.de\/fussball\/index.php?rest_route=\/wp\/v2\/posts\/12678","targetHints":{"allow":["GET"]}}],"collection":[{"href":"https:\/\/www.djk-erlangen.de\/fussball\/index.php?rest_route=\/wp\/v2\/posts"}],"about":[{"href":"https:\/\/www.djk-erlangen.de\/fussball\/index.php?rest_route=\/wp\/v2\/types\/post"}],"author":[{"embeddable":true,"href":"https:\/\/www.djk-erlangen.de\/fussball\/index.php?rest_route=\/wp\/v2\/users\/9"}],"replies":[{"embeddable":true,"href":"https:\/\/www.djk-erlangen.de\/fussball\/index.php?rest_route=%2Fwp%2Fv2%2Fcomments&post=12678"}],"version-history":[{"count":7,"href":"https:\/\/www.djk-erlangen.de\/fussball\/index.php?rest_route=\/wp\/v2\/posts\/12678\/revisions"}],"predecessor-version":[{"id":12712,"href":"https:\/\/www.djk-erlangen.de\/fussball\/index.php?rest_route=\/wp\/v2\/posts\/12678\/revisions\/12712"}],"wp:attachment":[{"href":"https:\/\/www.djk-erlangen.de\/fussball\/index.php?rest_route=%2Fwp%2Fv2%2Fmedia&parent=12678"}],"wp:term":[{"taxonomy":"category","embeddable":true,"href":"https:\/\/www.djk-erlangen.de\/fussball\/index.php?rest_route=%2Fwp%2Fv2%2Fcategories&post=12678"},{"taxonomy":"post_tag","embeddable":true,"href":"https:\/\/www.djk-erlangen.de\/fussball\/index.php?rest_route=%2Fwp%2Fv2%2Ftags&post=12678"}],"curies":[{"name":"wp","href":"https:\/\/api.w.org\/{rel}","templated":true}]}}