{"id":12634,"date":"2015-04-19T14:47:18","date_gmt":"2015-04-19T12:47:18","guid":{"rendered":"http:\/\/www.djk-erlangen.de\/fussball\/?p=12634"},"modified":"2015-04-19T17:18:50","modified_gmt":"2015-04-19T15:18:50","slug":"sonntagsausflug-der-d3-ins-nuernberger-land","status":"publish","type":"post","link":"https:\/\/www.djk-erlangen.de\/fussball\/?p=12634","title":{"rendered":"Sonntagsausflug der D3 ins N\u00fcrnberger Land"},"content":{"rendered":"<p>Am fr\u00fchen Sonntagmorgen zog eine kleinere Abordnung von Erlangen \u00fcber die A3 und A9 nach Simmelsdorf H\u00fcttenbach im N\u00fcrnberger Land. Dort angekommen erwartete uns bei sch\u00f6nstem Wetter eine herrliche Sportanlage mit 3 Rasenpl\u00e4tzen und nat\u00fcrlich auch der Gastgeber, die SpVgg Simmelsdorf-H\u00fcttenbach.<\/p>\n<p><!--more--><\/p>\n<p>Im Vorfeld mu\u00dften wir kurzfristig das Team etwas umbauen und so hatten wir am heutigen Tage nicht nur den bestgekleideten Torh\u00fcter sondern auch einen absoluten R\u00fcckhalt zwischen den Pfosten. \u00dcberp\u00fcnktlich wurde die Begegnung angepfiffen und bereits nach 6. Minuten klingelte es durch Benedikt im gegnerischen Geh\u00e4use. Im weiteren Spielverlauf lie\u00dfen wir phasenweise das Spielger\u00e4t recht gut laufen und kamen auch zu weiteren Einschu\u00dfm\u00f6glichkeiten. Es dauerte jedoch bis zur 10. Spielminute, in der Benedikt einen Freisto\u00df am gegnerischen Strafraum flach dem enteilten Luca in den Lauf spielte und dieser v\u00f6llig unbedr\u00e4ngt zum 0:2 einnetzen konnte. Durch diese geglaubte deutliche F\u00fchrung brachen bei uns alle D\u00e4mme und jeder wollte sich in die Torsch\u00fctzenliste eintragen. Durch diese Unordnung erm\u00f6glichten wir den Hausherren zahlreiche Gelegenheiten das Resultat zu korrigieren, scheiterten jedoch mehrmals an unserem gl\u00e4nzend aufgelegten Aushilfskeeper Ben.<\/p>\n<p>Den zweiten Spielabschnitt gingen wir dann wieder etwas geordneter an und kamen prompt in der 35. Minute durch Luis zu einem weiteren Treffer. Mit etwas mehr Durchsetzungsverm\u00f6gen unserer Sturmtanks Felix und Erik h\u00e4tten wir fr\u00fchzeitig die Begegnung deutlicher gestalten k\u00f6nnen. So dauerte es dann doch bis zur 45. Minute ehe erneut Bendikt mit einem fulminanten Direktschu\u00df das 0:4 f\u00fcr die Wiesenwegkicker markierte.\u00a0 F\u00fcr den Schlu\u00dfpunkt der heutigen Partie waren dann unsere<br \/>\n&#8222;Twins&#8220; verantwortlich. Eine mehr als gut hereingetretene Ecke von Luca wurde dann am kurzen Pfosten durch Yannick zum 0:5 abgeschlossen.<\/p>\n<p>So konnte man letztendlich mit der H\u00f6he des Sieges dann auch zufrieden sein und wohl gelaunt wieder die Heimreise in den Wiesenweg antreten.<\/p>\n<p>DJK Aufgebot (siehe Bild)<\/p>\n<p><a href=\"http:\/\/www.djk-erlangen.de\/fussball\/wp-content\/uploads\/2015\/04\/DJK-Simmelsdorf2.jpg\"><img loading=\"lazy\" decoding=\"async\" class=\" size-medium wp-image-12637 alignleft\" src=\"http:\/\/www.djk-erlangen.de\/fussball\/wp-content\/uploads\/2015\/04\/DJK-Simmelsdorf2-300x225.jpg\" alt=\"DJK -Simmelsdorf\" width=\"300\" height=\"225\" srcset=\"https:\/\/www.djk-erlangen.de\/fussball\/wp-content\/uploads\/2015\/04\/DJK-Simmelsdorf2-300x225.jpg 300w, https:\/\/www.djk-erlangen.de\/fussball\/wp-content\/uploads\/2015\/04\/DJK-Simmelsdorf2-150x113.jpg 150w, https:\/\/www.djk-erlangen.de\/fussball\/wp-content\/uploads\/2015\/04\/DJK-Simmelsdorf2.jpg 640w\" sizes=\"auto, (max-width: 300px) 100vw, 300px\" \/><\/a><\/p>\n<p>&nbsp;<\/p>\n<p>&nbsp;<\/p>\n<p>&nbsp;<\/p>\n<p>&nbsp;<\/p>\n<p>&nbsp;<\/p>\n<p>&nbsp;<\/p>\n<p>&nbsp;<\/p>\n<p>&nbsp;<\/p>\n<p>Tore:<br \/>\nBenedikt (2); Luca (1); Luis (1); Yannick (1)<\/p>\n","protected":false},"excerpt":{"rendered":"<p>Am fr\u00fchen Sonntagmorgen zog eine kleinere Abordnung von Erlangen \u00fcber die A3 und A9 nach Simmelsdorf H\u00fcttenbach im N\u00fcrnberger Land. Dort angekommen erwartete uns bei sch\u00f6nstem Wetter eine herrliche Sportanlage mit 3 Rasenpl\u00e4tzen und nat\u00fcrlich auch der Gastgeber, die SpVgg &hellip; <a href=\"https:\/\/www.djk-erlangen.de\/fussball\/?p=12634\">Weiterlesen <span class=\"meta-nav\">&rarr;<\/span><\/a><\/p>\n","protected":false},"author":32,"featured_media":0,"comment_status":"open","ping_status":"closed","sticky":false,"template":"","format":"standard","meta":{"jetpack_post_was_ever_published":false,"_jetpack_newsletter_access":"","_jetpack_dont_email_post_to_subs":false,"_jetpack_newsletter_tier_id":0,"_jetpack_memberships_contains_paywalled_content":false,"_jetpack_memberships_contains_paid_content":false,"footnotes":"","jetpack_publicize_message":"","jetpack_publicize_feature_enabled":true,"jetpack_social_post_already_shared":true,"jetpack_social_options":{"image_generator_settings":{"template":"highway","default_image_id":0,"font":"","enabled":false},"version":2}},"categories":[41],"tags":[],"class_list":["post-12634","post","type-post","status-publish","format-standard","hentry","category-u13-d3"],"jetpack_publicize_connections":[],"jetpack_featured_media_url":"","jetpack_shortlink":"https:\/\/wp.me\/p2ZUr0-3hM","jetpack_sharing_enabled":true,"_links":{"self":[{"href":"https:\/\/www.djk-erlangen.de\/fussball\/index.php?rest_route=\/wp\/v2\/posts\/12634","targetHints":{"allow":["GET"]}}],"collection":[{"href":"https:\/\/www.djk-erlangen.de\/fussball\/index.php?rest_route=\/wp\/v2\/posts"}],"about":[{"href":"https:\/\/www.djk-erlangen.de\/fussball\/index.php?rest_route=\/wp\/v2\/types\/post"}],"author":[{"embeddable":true,"href":"https:\/\/www.djk-erlangen.de\/fussball\/index.php?rest_route=\/wp\/v2\/users\/32"}],"replies":[{"embeddable":true,"href":"https:\/\/www.djk-erlangen.de\/fussball\/index.php?rest_route=%2Fwp%2Fv2%2Fcomments&post=12634"}],"version-history":[{"count":3,"href":"https:\/\/www.djk-erlangen.de\/fussball\/index.php?rest_route=\/wp\/v2\/posts\/12634\/revisions"}],"predecessor-version":[{"id":12640,"href":"https:\/\/www.djk-erlangen.de\/fussball\/index.php?rest_route=\/wp\/v2\/posts\/12634\/revisions\/12640"}],"wp:attachment":[{"href":"https:\/\/www.djk-erlangen.de\/fussball\/index.php?rest_route=%2Fwp%2Fv2%2Fmedia&parent=12634"}],"wp:term":[{"taxonomy":"category","embeddable":true,"href":"https:\/\/www.djk-erlangen.de\/fussball\/index.php?rest_route=%2Fwp%2Fv2%2Fcategories&post=12634"},{"taxonomy":"post_tag","embeddable":true,"href":"https:\/\/www.djk-erlangen.de\/fussball\/index.php?rest_route=%2Fwp%2Fv2%2Ftags&post=12634"}],"curies":[{"name":"wp","href":"https:\/\/api.w.org\/{rel}","templated":true}]}}