{"id":12615,"date":"2015-04-11T16:18:24","date_gmt":"2015-04-11T14:18:24","guid":{"rendered":"http:\/\/www.djk-erlangen.de\/fussball\/?p=12615"},"modified":"2015-04-11T16:18:24","modified_gmt":"2015-04-11T14:18:24","slug":"hart-umkaempfter-sieg-der-d1","status":"publish","type":"post","link":"https:\/\/www.djk-erlangen.de\/fussball\/?p=12615","title":{"rendered":"hart umk\u00e4mpfter Sieg der D1"},"content":{"rendered":"<p>Am heutigen &#8222;Matchday&#8220; waren die Quecken zu Gast am Wiesengrund. Auch wenn diese mit dem komplett jungen Jahrgang in\u00a0 unserer Gruppe spielen durfte man diese keinesfalls untersch\u00e4tzen.<\/p>\n<p><!--more--><\/p>\n<p>Im ersten Spielabschnitt taten wir uns richtig schwer gegen die spielerisch gl\u00e4nzend aufgelegten G\u00e4ste aus Eltersdorf. Gl\u00fccklicherweise war unsere Defensivabteilung heute recht sattelfest und lie\u00df nichts anbrennen. Einzig f\u00fcr Gefahr sorgten die<br \/>\nStandarts der Quecken. Mit etwas mehr Zielwasser h\u00e4tten diese Mitte der ersten H\u00e4lfte auch in F\u00fchrung gehen k\u00f6nnen. Bei uns war in der Vorw\u00e4rtsbewegung etwas viel Sand im Getriebe und so hatten wir auch fast keine nennenswerte Torchance.<\/p>\n<p>Mit einem torlosen Remis wechselte man auch die Seiten.<\/p>\n<p>In der zweiten H\u00e4lfte war dann eine ganz andere Mannschaft der Wiesenwegbuben auf dem Platz. Endlich wurde der Gegner unter Druck gesetzt und zu Fehlern gezwungen. Folgerichtig konnten wir dann auch nach einem sch\u00f6nen Pa\u00df von B\u00fcffel<br \/>\nBenedikt auf Arijan durch unseren Torj\u00e4ger vom Dienst in Spielminute 35 das erl\u00f6sende 1:0 erzielen. Dieser Treffer l\u00f6ste irgendwie auch die letzten Blockaden im Team und man spielte endlich den Fu\u00dfball den man von den Jungs auch erwarten kann. Fr\u00fches Pressing war das Rezept und mit zunehmenden Spielverlauf bekamen wir die Begegnung immer besser in den Griff und erarbeiteten uns auch einige Torchancen. Leider wollte jedoch der zweite Treffer noch nicht fallen. In unserer gr\u00f6\u00dften Drangphase kamen die Eltersdorfer durch vereinzelte Konter immer wieder gef\u00e4hrlich vor unser Geh\u00e4use, doch unser Torw\u00e4chter vereitelte ein ums andere Mal deren Einschu\u00dfm\u00f6glichkeiten. So dauerte es bis zur 56. Minute ehe unser Mittelfeldmotor Konstantin f\u00fcr den erl\u00f6senden 2:0 Vorsprung sorgte. 2 Minuten sp\u00e4ter erh\u00f6hte unser Winterneuzugang Yannick nach einer Ecke von Ben mit dem Kopf sogar noch auf 3:0. Dieser Treffer d\u00fcrfte dann auch f\u00fcr die verbleibende Spiele f\u00fcr mehr Selbstvertrauen bei dem Buben sorgen.<\/p>\n<p>Kurz vor dem Abpfiff des \u00fcberragenden Schiris konnten die Quecken noch etwas Ergebniskosmetik betreiben und verk\u00fcrzten auf 3:1. Mit diesem so wichtigen Heimsieg ist man eigentlich wieder im Soll und mu\u00df den Schwung aus dem 2. Spielabschnitt nun endlich auch mal \u00fcber die komplette Distanz abrufen, dann k\u00f6nnen wir ein geh\u00f6riges W\u00f6rtchen um den Aufstieg mit sprechen.<\/p>\n<p>DJK Aufgebot:<br \/>\nLuis; Luca; Daniel; Ali-Alex; Oliver; Lorenz; Konstantin; Benedikt; Ben; Arijan; Timm; Flo; Yannick<\/p>\n<p>Tore:<br \/>\nAri (1); Konni (1); Yannick (1)<\/p>\n","protected":false},"excerpt":{"rendered":"<p>Am heutigen &#8222;Matchday&#8220; waren die Quecken zu Gast am Wiesengrund. Auch wenn diese mit dem komplett jungen Jahrgang in\u00a0 unserer Gruppe spielen durfte man diese keinesfalls untersch\u00e4tzen.<\/p>\n","protected":false},"author":32,"featured_media":0,"comment_status":"open","ping_status":"closed","sticky":false,"template":"","format":"standard","meta":{"jetpack_post_was_ever_published":false,"_jetpack_newsletter_access":"","_jetpack_dont_email_post_to_subs":false,"_jetpack_newsletter_tier_id":0,"_jetpack_memberships_contains_paywalled_content":false,"_jetpack_memberships_contains_paid_content":false,"footnotes":"","jetpack_publicize_message":"","jetpack_publicize_feature_enabled":true,"jetpack_social_post_already_shared":true,"jetpack_social_options":{"image_generator_settings":{"template":"highway","default_image_id":0,"font":"","enabled":false},"version":2}},"categories":[34],"tags":[],"class_list":["post-12615","post","type-post","status-publish","format-standard","hentry","category-u13-d1"],"jetpack_publicize_connections":[],"jetpack_featured_media_url":"","jetpack_shortlink":"https:\/\/wp.me\/p2ZUr0-3ht","jetpack_sharing_enabled":true,"_links":{"self":[{"href":"https:\/\/www.djk-erlangen.de\/fussball\/index.php?rest_route=\/wp\/v2\/posts\/12615","targetHints":{"allow":["GET"]}}],"collection":[{"href":"https:\/\/www.djk-erlangen.de\/fussball\/index.php?rest_route=\/wp\/v2\/posts"}],"about":[{"href":"https:\/\/www.djk-erlangen.de\/fussball\/index.php?rest_route=\/wp\/v2\/types\/post"}],"author":[{"embeddable":true,"href":"https:\/\/www.djk-erlangen.de\/fussball\/index.php?rest_route=\/wp\/v2\/users\/32"}],"replies":[{"embeddable":true,"href":"https:\/\/www.djk-erlangen.de\/fussball\/index.php?rest_route=%2Fwp%2Fv2%2Fcomments&post=12615"}],"version-history":[{"count":1,"href":"https:\/\/www.djk-erlangen.de\/fussball\/index.php?rest_route=\/wp\/v2\/posts\/12615\/revisions"}],"predecessor-version":[{"id":12616,"href":"https:\/\/www.djk-erlangen.de\/fussball\/index.php?rest_route=\/wp\/v2\/posts\/12615\/revisions\/12616"}],"wp:attachment":[{"href":"https:\/\/www.djk-erlangen.de\/fussball\/index.php?rest_route=%2Fwp%2Fv2%2Fmedia&parent=12615"}],"wp:term":[{"taxonomy":"category","embeddable":true,"href":"https:\/\/www.djk-erlangen.de\/fussball\/index.php?rest_route=%2Fwp%2Fv2%2Fcategories&post=12615"},{"taxonomy":"post_tag","embeddable":true,"href":"https:\/\/www.djk-erlangen.de\/fussball\/index.php?rest_route=%2Fwp%2Fv2%2Ftags&post=12615"}],"curies":[{"name":"wp","href":"https:\/\/api.w.org\/{rel}","templated":true}]}}