{"id":12603,"date":"2015-03-28T18:10:18","date_gmt":"2015-03-28T17:10:18","guid":{"rendered":"http:\/\/www.djk-erlangen.de\/fussball\/?p=12603"},"modified":"2015-03-28T20:48:32","modified_gmt":"2015-03-28T19:48:32","slug":"rabenschwarzer-tag-der-d1","status":"publish","type":"post","link":"https:\/\/www.djk-erlangen.de\/fussball\/?p=12603","title":{"rendered":"Rabenschwarzer Tag der D1"},"content":{"rendered":"<p>Heute ging es f\u00fcr die Wiesenwegbuben zuhause gegen die JFG Regnitztal um 3 wichtige Punkte in der Aufstiegsrunde.<\/p>\n<p><!--more--><\/p>\n<p>Leider bekam man das Spiel in keinster Weise in den Griff, weil man viel zu sehr mit rum maulen an den eigenen Mitspielern oder dem Schiedsrichter besch\u00e4ftigt war. So war es auch nur eine Frage der Zeit bis der Gegner mit 0:1 in F\u00fchrung gehen konnte. Au\u00dfer Kabinettst\u00fcckchen f\u00fcr die Galerie ging nach vorne bei uns heute gar nichts!\u00a0 So blieb es auch bis zur Pause bei diesem knappen R\u00fcckstand.<\/p>\n<p>Im zweiten Spielabschnitt das gleiche Bild, als ob bei der Halbzeitansprache niemand zu geh\u00f6rt h\u00e4tte. Einzelaktionen verpufften und Kampfgeist sieht anders aus. Auch waren einige Spieler derart von der Rolle, da\u00df man sich verwundert die Augen<br \/>\nam Spielfeldrand reiben mu\u00dfte.\u00a0 Kein Einsatz, keine Leidenschaft null Bereitschaft 100% zu geben. Nach einem groben Foul an unserer Strafraumgrenze konnten die G\u00e4ste den daraus resultierenden Freisto\u00df zur 0:2 F\u00fchrung sicher verwandeln. Das war dann auch der Endstand der Begegnung.\u00a0 Eigentlich war das heutige Spiel eine Kopie der Trainingseindr\u00fccke aus der vergangenen Woche. Sollten sich einige Kameraden in den n\u00e4chsten Wochen nicht besinnen und den Fokus im Training und beim Spiel nicht auf das Wesentliche lenken, sieht es mit den selbst gesteckten Zielen zappenduster aus! Vielleicht wacht ja der Eine oder Andere auch zeitiger aus seinem Dornr\u00f6schenschlaf auf und besinnt sich auf die Tatsache das Fu\u00dfball ein Mannschaftssport ist und nicht eine Zirkusattraktion wo es f\u00fcr Einzelleistungen Applaus gibt. Das ging heute total in die Hose und schuld war nicht der Gegner oder der Schiri sondern der fehlende Ehrgeiz einzelner!<br \/>\nMan gewinnt und verliert als Mannschaft!<\/p>\n<p>DJK Aufgebot:<br \/>\nLuis; Daniel; Ali-Alex; Oliver; Lorenz; Konstantin; Benedikt; Ben; Arijan; Luca; Florian; Lasse; Yannick<\/p>\n<p>Tore:<br \/>\nFehlanzeige<\/p>\n","protected":false},"excerpt":{"rendered":"<p>Heute ging es f\u00fcr die Wiesenwegbuben zuhause gegen die JFG Regnitztal um 3 wichtige Punkte in der Aufstiegsrunde.<\/p>\n","protected":false},"author":32,"featured_media":0,"comment_status":"open","ping_status":"closed","sticky":false,"template":"","format":"standard","meta":{"jetpack_post_was_ever_published":false,"_jetpack_newsletter_access":"","_jetpack_dont_email_post_to_subs":false,"_jetpack_newsletter_tier_id":0,"_jetpack_memberships_contains_paywalled_content":false,"_jetpack_memberships_contains_paid_content":false,"footnotes":"","jetpack_publicize_message":"","jetpack_publicize_feature_enabled":true,"jetpack_social_post_already_shared":true,"jetpack_social_options":{"image_generator_settings":{"template":"highway","default_image_id":0,"font":"","enabled":false},"version":2}},"categories":[34],"tags":[],"class_list":["post-12603","post","type-post","status-publish","format-standard","hentry","category-u13-d1"],"jetpack_publicize_connections":[],"jetpack_featured_media_url":"","jetpack_shortlink":"https:\/\/wp.me\/p2ZUr0-3hh","jetpack_sharing_enabled":true,"_links":{"self":[{"href":"https:\/\/www.djk-erlangen.de\/fussball\/index.php?rest_route=\/wp\/v2\/posts\/12603","targetHints":{"allow":["GET"]}}],"collection":[{"href":"https:\/\/www.djk-erlangen.de\/fussball\/index.php?rest_route=\/wp\/v2\/posts"}],"about":[{"href":"https:\/\/www.djk-erlangen.de\/fussball\/index.php?rest_route=\/wp\/v2\/types\/post"}],"author":[{"embeddable":true,"href":"https:\/\/www.djk-erlangen.de\/fussball\/index.php?rest_route=\/wp\/v2\/users\/32"}],"replies":[{"embeddable":true,"href":"https:\/\/www.djk-erlangen.de\/fussball\/index.php?rest_route=%2Fwp%2Fv2%2Fcomments&post=12603"}],"version-history":[{"count":3,"href":"https:\/\/www.djk-erlangen.de\/fussball\/index.php?rest_route=\/wp\/v2\/posts\/12603\/revisions"}],"predecessor-version":[{"id":12609,"href":"https:\/\/www.djk-erlangen.de\/fussball\/index.php?rest_route=\/wp\/v2\/posts\/12603\/revisions\/12609"}],"wp:attachment":[{"href":"https:\/\/www.djk-erlangen.de\/fussball\/index.php?rest_route=%2Fwp%2Fv2%2Fmedia&parent=12603"}],"wp:term":[{"taxonomy":"category","embeddable":true,"href":"https:\/\/www.djk-erlangen.de\/fussball\/index.php?rest_route=%2Fwp%2Fv2%2Fcategories&post=12603"},{"taxonomy":"post_tag","embeddable":true,"href":"https:\/\/www.djk-erlangen.de\/fussball\/index.php?rest_route=%2Fwp%2Fv2%2Ftags&post=12603"}],"curies":[{"name":"wp","href":"https:\/\/api.w.org\/{rel}","templated":true}]}}