{"id":12577,"date":"2015-03-22T15:08:45","date_gmt":"2015-03-22T14:08:45","guid":{"rendered":"http:\/\/www.djk-erlangen.de\/fussball\/?p=12577"},"modified":"2015-03-22T15:08:45","modified_gmt":"2015-03-22T14:08:45","slug":"gelungene-heimpremiere-der-d3","status":"publish","type":"post","link":"https:\/\/www.djk-erlangen.de\/fussball\/?p=12577","title":{"rendered":"gelungene Heimpremiere der D3"},"content":{"rendered":"<p>Am heutigen Sonntag vormittag trat die D3 Jugend nach dem Auftaktunentschieden vergangene Woche in Langensendelbach erstmals in dieser jungen Saison im heimischen Wiesengrund an. Unsere G\u00e4ste waren am heutigen Spieltag die Sportfreunde vom SV Weilersbach.<br \/>\n<!--more--><\/p>\n<p>Nach einer Systemumstellung\u00a0 agierte man aus einer gesicherten Devensive heraus und kam durch klug gespielte B\u00e4lle immer wieder gef\u00e4hrlich vor des Gegners Tor. Mit etwas mehr \u00dcbersicht h\u00e4tte man fr\u00fchzeitig in F\u00fchrung gehen k\u00f6nnen ja sogar m\u00fcssen. So dauerte es bis zur 10. Spielminute ehe unser St\u00fcrmer die Seinigen mit 1:0 in F\u00fchrung brachte. Einen weitereren Treffer konnte unser Scorer in der 19. Minute nachlegen, soda\u00df man v\u00f6llig verdient mit 2:0 in die Pause ging.<\/p>\n<p>Im zweiten Spielabschnitt das gleiche Bild. Die Buben und M\u00e4dchen vom SV hatten nichts entgegen zu setzen und konnten sich bei Ihrem Torh\u00fcter bedanken, der diese vor einem h\u00f6heren R\u00fcckstand noch bewahrte. 15 Minuten vor dem Schlu\u00dfpfiff wechselten unser Torh\u00fcter und unser Torj\u00e4ger die Trikots und binnen 5 Minuten erzielte unser jetzt st\u00fcrmender Torh\u00fcter 3 blitzsaubere Tore. Dieser F\u00fchrung hatten die G\u00e4ste nichts mehr entgegenzusetzen und erzielten zwischenzeitlich aus einer Unachtsamkeit heraus den Anschlu\u00dftreffer.<\/p>\n<p>F\u00fcr den 6:1 Entstand sorgte dann erneut unser st\u00fcrmender Torh\u00fcter! Mit diesem deutlichen Sieg machte man einen gro\u00dfen Satz in der Tabelle und ist auf Tuchf\u00fchlung zum Spitzenreiter. An dieser Stelle ein gro\u00dfes Lob an den Verantwortlichen unserer E3, der spontan mit Spielern die D3 unterst\u00fctzt hat. Vielen lieben Dank daf\u00fcr, Sportkamerad Olaf. Unser n\u00e4chstes Spiel bei der SpVgg H\u00fcttenbach-Simmelsdorf findet erst nach den Osterferien statt.<\/p>\n","protected":false},"excerpt":{"rendered":"<p>Am heutigen Sonntag vormittag trat die D3 Jugend nach dem Auftaktunentschieden vergangene Woche in Langensendelbach erstmals in dieser jungen Saison im heimischen Wiesengrund an. Unsere G\u00e4ste waren am heutigen Spieltag die Sportfreunde vom SV Weilersbach.<\/p>\n","protected":false},"author":32,"featured_media":0,"comment_status":"open","ping_status":"closed","sticky":false,"template":"","format":"standard","meta":{"jetpack_post_was_ever_published":false,"_jetpack_newsletter_access":"","_jetpack_dont_email_post_to_subs":false,"_jetpack_newsletter_tier_id":0,"_jetpack_memberships_contains_paywalled_content":false,"_jetpack_memberships_contains_paid_content":false,"footnotes":"","jetpack_publicize_message":"","jetpack_publicize_feature_enabled":true,"jetpack_social_post_already_shared":true,"jetpack_social_options":{"image_generator_settings":{"template":"highway","default_image_id":0,"font":"","enabled":false},"version":2}},"categories":[41],"tags":[],"class_list":["post-12577","post","type-post","status-publish","format-standard","hentry","category-u13-d3"],"jetpack_publicize_connections":[],"jetpack_featured_media_url":"","jetpack_shortlink":"https:\/\/wp.me\/p2ZUr0-3gR","jetpack_sharing_enabled":true,"_links":{"self":[{"href":"https:\/\/www.djk-erlangen.de\/fussball\/index.php?rest_route=\/wp\/v2\/posts\/12577","targetHints":{"allow":["GET"]}}],"collection":[{"href":"https:\/\/www.djk-erlangen.de\/fussball\/index.php?rest_route=\/wp\/v2\/posts"}],"about":[{"href":"https:\/\/www.djk-erlangen.de\/fussball\/index.php?rest_route=\/wp\/v2\/types\/post"}],"author":[{"embeddable":true,"href":"https:\/\/www.djk-erlangen.de\/fussball\/index.php?rest_route=\/wp\/v2\/users\/32"}],"replies":[{"embeddable":true,"href":"https:\/\/www.djk-erlangen.de\/fussball\/index.php?rest_route=%2Fwp%2Fv2%2Fcomments&post=12577"}],"version-history":[{"count":1,"href":"https:\/\/www.djk-erlangen.de\/fussball\/index.php?rest_route=\/wp\/v2\/posts\/12577\/revisions"}],"predecessor-version":[{"id":12578,"href":"https:\/\/www.djk-erlangen.de\/fussball\/index.php?rest_route=\/wp\/v2\/posts\/12577\/revisions\/12578"}],"wp:attachment":[{"href":"https:\/\/www.djk-erlangen.de\/fussball\/index.php?rest_route=%2Fwp%2Fv2%2Fmedia&parent=12577"}],"wp:term":[{"taxonomy":"category","embeddable":true,"href":"https:\/\/www.djk-erlangen.de\/fussball\/index.php?rest_route=%2Fwp%2Fv2%2Fcategories&post=12577"},{"taxonomy":"post_tag","embeddable":true,"href":"https:\/\/www.djk-erlangen.de\/fussball\/index.php?rest_route=%2Fwp%2Fv2%2Ftags&post=12577"}],"curies":[{"name":"wp","href":"https:\/\/api.w.org\/{rel}","templated":true}]}}