{"id":12574,"date":"2015-03-20T21:33:56","date_gmt":"2015-03-20T20:33:56","guid":{"rendered":"http:\/\/www.djk-erlangen.de\/fussball\/?p=12574"},"modified":"2015-03-20T21:33:56","modified_gmt":"2015-03-20T20:33:56","slug":"geglueckter-saisonauftakt-der-d1","status":"publish","type":"post","link":"https:\/\/www.djk-erlangen.de\/fussball\/?p=12574","title":{"rendered":"gegl\u00fcckter Saisonauftakt der D1"},"content":{"rendered":"<p>Am heutigen Freitag abend startete endlich auch die D1 in die Saison. Man war zu Gast beim ASV Niederndorf. Die Vorzeichen waren alles andere als gut, denn man mu\u00dfte den Ausfall von 5 Stammkr\u00e4ften kompensieren.<\/p>\n<p><!--more--><\/p>\n<p>Wahrscheinlich hat unser Trainer die ganze Nacht \u00fcber die Aufstellung gegr\u00fcbelt, denn zum Rundenauftakt mu\u00dfte die komplette Verteidigung umgebaut werden. So r\u00fcckte Daniel aus der Offensive in die zentrale Position wo<br \/>\ner durch den emsigen Ali-Alex und dem Zerst\u00f6rer Luca erg\u00e4nzt wurde. Dieses Rezept ging auf, denn die Jungs standen relativ sicher und lie\u00dfen nichts anbrennen. Aus unserem kompakten und sehr engmaschig agierenden Mittelfeld erarbeiteten<br \/>\nwir uns deutliche Feldvorteile und konnten so unseren St\u00fcrmer Ari immer wieder gekonnt in Szene setzen. Jedoch hatte dieser sein Zielvisier noch nicht richtig eingestellt und vergab aus aussichtsreicher Position mehrere klare Einschu\u00dfm\u00f6glichkeiten.<\/p>\n<p>In Spielminute 20 war es dann endlich soweit und wir konnten unsere Feld\u00fcberlegenheit\u00a0 in was Z\u00e4hlbares umsetzen. Nach einer sch\u00f6nen Kombination, eingeleitet von Yannick \u00fcber Konstantin und Benedikt war es unser Topscorer Ari der<br \/>\nzum umjubelten 0:1 f\u00fcr die Wiesenwegbuben abschlie\u00dfen konnte. In der Folgezeit der Begegnung h\u00e4tten wir eigentlich vorzeitig die Weichen auf den Ausw\u00e4rtssieg untermauern k\u00f6nnen, doch die Hausherren stemmten sich mit aller Kraft dagegen<br \/>\nund konnten durch ihre pfeilschnellen Angreifer immer wieder f\u00fcr Unruhe sorgen.\u00a0 Mit dieser knappen F\u00fchrung ging man dann auch in die wohlverdiente Pause.<br \/>\nMit Beginn des zweiten Spielabschnitts dr\u00e4ngten die Niederndorfer auf den Ausgleich, doch unsere Defensive war immer auf der H\u00f6he und konnte die Angriffsbem\u00fchungen unterbinden. Mit zunehmenden Spielverlauf bekamen wir die Begegnung wieder besser in den Griff und hatten durch Yannick, Elias, Konstantin und Benedikt auch gute Gelegenheiten das Ergebnis zu korrigieren. Leider gelang uns das aber nicht, da wir teilweise viel zu hastig das Spielger\u00e4t verarbeiteten. Erst kurz vor Schlu\u00df, es war die 53. Spielminute konnte Konstantin unseren Ari mit einem klugen Pa\u00df in die Schnittstelle in Szene setzen. Dieser zog den Abwehrverbund komplett auf die Grundlinie, t\u00e4nzelte sich dann durch und konnte geschickt zum 0:2 abschlie\u00dfen.<\/p>\n<p>So kann man von einem gelungenen Saisonauftakt sprechen, nicht nur weil man die ersten 3 Punkte im Rennen um die begehrten Aufstiegspl\u00e4tze im Sack hat, sondern weil auch die Jungs aus der zweiten Reihe bewiesen haben, da\u00df sie ganz nah dran sind.<\/p>\n<p>DJK Aufgebot:<br \/>\nLuis; Luca; Daniel; Ali-Alex; Konstantin; Benedikt; Yannick; Arijan; Elias; Felix<\/p>\n<p>Tore:<br \/>\nArijan (2)<\/p>\n<p>&nbsp;<\/p>\n<p>&nbsp;<\/p>\n","protected":false},"excerpt":{"rendered":"<p>Am heutigen Freitag abend startete endlich auch die D1 in die Saison. Man war zu Gast beim ASV Niederndorf. Die Vorzeichen waren alles andere als gut, denn man mu\u00dfte den Ausfall von 5 Stammkr\u00e4ften kompensieren.<\/p>\n","protected":false},"author":32,"featured_media":0,"comment_status":"open","ping_status":"closed","sticky":false,"template":"","format":"standard","meta":{"jetpack_post_was_ever_published":false,"_jetpack_newsletter_access":"","_jetpack_dont_email_post_to_subs":false,"_jetpack_newsletter_tier_id":0,"_jetpack_memberships_contains_paywalled_content":false,"_jetpack_memberships_contains_paid_content":false,"footnotes":"","jetpack_publicize_message":"","jetpack_publicize_feature_enabled":true,"jetpack_social_post_already_shared":true,"jetpack_social_options":{"image_generator_settings":{"template":"highway","default_image_id":0,"font":"","enabled":false},"version":2}},"categories":[34],"tags":[],"class_list":["post-12574","post","type-post","status-publish","format-standard","hentry","category-u13-d1"],"jetpack_publicize_connections":[],"jetpack_featured_media_url":"","jetpack_shortlink":"https:\/\/wp.me\/p2ZUr0-3gO","jetpack_sharing_enabled":true,"_links":{"self":[{"href":"https:\/\/www.djk-erlangen.de\/fussball\/index.php?rest_route=\/wp\/v2\/posts\/12574","targetHints":{"allow":["GET"]}}],"collection":[{"href":"https:\/\/www.djk-erlangen.de\/fussball\/index.php?rest_route=\/wp\/v2\/posts"}],"about":[{"href":"https:\/\/www.djk-erlangen.de\/fussball\/index.php?rest_route=\/wp\/v2\/types\/post"}],"author":[{"embeddable":true,"href":"https:\/\/www.djk-erlangen.de\/fussball\/index.php?rest_route=\/wp\/v2\/users\/32"}],"replies":[{"embeddable":true,"href":"https:\/\/www.djk-erlangen.de\/fussball\/index.php?rest_route=%2Fwp%2Fv2%2Fcomments&post=12574"}],"version-history":[{"count":2,"href":"https:\/\/www.djk-erlangen.de\/fussball\/index.php?rest_route=\/wp\/v2\/posts\/12574\/revisions"}],"predecessor-version":[{"id":12576,"href":"https:\/\/www.djk-erlangen.de\/fussball\/index.php?rest_route=\/wp\/v2\/posts\/12574\/revisions\/12576"}],"wp:attachment":[{"href":"https:\/\/www.djk-erlangen.de\/fussball\/index.php?rest_route=%2Fwp%2Fv2%2Fmedia&parent=12574"}],"wp:term":[{"taxonomy":"category","embeddable":true,"href":"https:\/\/www.djk-erlangen.de\/fussball\/index.php?rest_route=%2Fwp%2Fv2%2Fcategories&post=12574"},{"taxonomy":"post_tag","embeddable":true,"href":"https:\/\/www.djk-erlangen.de\/fussball\/index.php?rest_route=%2Fwp%2Fv2%2Ftags&post=12574"}],"curies":[{"name":"wp","href":"https:\/\/api.w.org\/{rel}","templated":true}]}}