{"id":12564,"date":"2015-03-15T18:55:32","date_gmt":"2015-03-15T17:55:32","guid":{"rendered":"http:\/\/www.djk-erlangen.de\/fussball\/?p=12564"},"modified":"2015-03-15T19:02:04","modified_gmt":"2015-03-15T18:02:04","slug":"d1-testet-in-bamberg","status":"publish","type":"post","link":"https:\/\/www.djk-erlangen.de\/fussball\/?p=12564","title":{"rendered":"D1 testet in Bamberg"},"content":{"rendered":"<p>Ganz zeitig am heutigen Sonntag morgen zog der DJK Tro\u00df wie alle Jahre wieder nach Bamberg zur DJK Don Bosco wo Roland Bleier ein letztes Mal zu seinem Vorbereitungsturnier geladen hatte.<br \/>\nGespielt wurde wieder auf dem genialen Kunstrasenplatz wo wir au\u00dfer auf den Gastgeber zudem noch auf den FC Eintracht Bamberg sowie aus der\u00a0 U13 Bundesliga V\u00f6rderrunde die SpVgg Greuther F\u00fcrth trafen.<\/p>\n<p><!--more--><\/p>\n<p>Wie auch in den 6 Jahren zuvor spielte wieder Jeder gegen Jeden in einer Hin- und R\u00fcckrunde. In den ersten Spielen taten wir uns richtig schwer gegen die klassenh\u00f6heren Mannschaften (Kreisliga aufw\u00e4rts).<br \/>\nJedoch zog man sich recht achtbar aus der Aff\u00e4re, zumal wir den heutigen Turniertag zum testen angesehen haben, da wir zum Rundenauftakt am kommenden Freitag drei Stammspieler ersetzen und<br \/>\nauch noch verletzungsbedingt die eine oder andere L\u00fccke schlie\u00dfen m\u00fcssen.\u00a0\u00a0 Einzig das Hinspiel gegen die Kleebl\u00e4tter ging ein bisschen in die Hose.<\/p>\n<p>In der R\u00fcckrunde lief es dann teilweise besser, auch weil die Jungs die heute auf dem Platz standen\u00a0 und gegen die technisch versierteren Mannschaften den Kampf annahmen und eben auch versuchten, den einen Schritt mehr zu machen.<br \/>\nSo verlor man die R\u00fcckrundenbegegnungen allesamt recht knapp und selbst gegen die Bundesliga ambitionierten Greuther mu\u00dften wir nur mit einer 0:2 Niederlage (davon ein Strafsto\u00df) das Feld verlassen. So bleibt dem Trainer nach den neuen Erkenntnissen von heute noch eine Woche Zeit aus dem dann zur Verf\u00fcgung stehenden Spielern die 13 zu bestimmen, welche am kommenden Freitag zum Rundenauftakt in Niederndorf die ersten Punkte in der Aufstiegsrunde an den Wiesenweg holen sollen.<\/p>\n<p>DJK Aufgebot:<br \/>\nLuis; Tim; Lorenz; Konstantin; Benedikt; Ben; Luca; Yannick; Florian; Lasse<\/p>\n","protected":false},"excerpt":{"rendered":"<p>Ganz zeitig am heutigen Sonntag morgen zog der DJK Tro\u00df wie alle Jahre wieder nach Bamberg zur DJK Don Bosco wo Roland Bleier ein letztes Mal zu seinem Vorbereitungsturnier geladen hatte. Gespielt wurde wieder auf dem genialen Kunstrasenplatz wo wir &hellip; <a href=\"https:\/\/www.djk-erlangen.de\/fussball\/?p=12564\">Weiterlesen <span class=\"meta-nav\">&rarr;<\/span><\/a><\/p>\n","protected":false},"author":32,"featured_media":0,"comment_status":"open","ping_status":"closed","sticky":false,"template":"","format":"standard","meta":{"jetpack_post_was_ever_published":false,"_jetpack_newsletter_access":"","_jetpack_dont_email_post_to_subs":false,"_jetpack_newsletter_tier_id":0,"_jetpack_memberships_contains_paywalled_content":false,"_jetpack_memberships_contains_paid_content":false,"footnotes":"","jetpack_publicize_message":"","jetpack_publicize_feature_enabled":true,"jetpack_social_post_already_shared":true,"jetpack_social_options":{"image_generator_settings":{"template":"highway","default_image_id":0,"font":"","enabled":false},"version":2}},"categories":[34],"tags":[],"class_list":["post-12564","post","type-post","status-publish","format-standard","hentry","category-u13-d1"],"jetpack_publicize_connections":[],"jetpack_featured_media_url":"","jetpack_shortlink":"https:\/\/wp.me\/p2ZUr0-3gE","jetpack_sharing_enabled":true,"_links":{"self":[{"href":"https:\/\/www.djk-erlangen.de\/fussball\/index.php?rest_route=\/wp\/v2\/posts\/12564","targetHints":{"allow":["GET"]}}],"collection":[{"href":"https:\/\/www.djk-erlangen.de\/fussball\/index.php?rest_route=\/wp\/v2\/posts"}],"about":[{"href":"https:\/\/www.djk-erlangen.de\/fussball\/index.php?rest_route=\/wp\/v2\/types\/post"}],"author":[{"embeddable":true,"href":"https:\/\/www.djk-erlangen.de\/fussball\/index.php?rest_route=\/wp\/v2\/users\/32"}],"replies":[{"embeddable":true,"href":"https:\/\/www.djk-erlangen.de\/fussball\/index.php?rest_route=%2Fwp%2Fv2%2Fcomments&post=12564"}],"version-history":[{"count":5,"href":"https:\/\/www.djk-erlangen.de\/fussball\/index.php?rest_route=\/wp\/v2\/posts\/12564\/revisions"}],"predecessor-version":[{"id":12572,"href":"https:\/\/www.djk-erlangen.de\/fussball\/index.php?rest_route=\/wp\/v2\/posts\/12564\/revisions\/12572"}],"wp:attachment":[{"href":"https:\/\/www.djk-erlangen.de\/fussball\/index.php?rest_route=%2Fwp%2Fv2%2Fmedia&parent=12564"}],"wp:term":[{"taxonomy":"category","embeddable":true,"href":"https:\/\/www.djk-erlangen.de\/fussball\/index.php?rest_route=%2Fwp%2Fv2%2Fcategories&post=12564"},{"taxonomy":"post_tag","embeddable":true,"href":"https:\/\/www.djk-erlangen.de\/fussball\/index.php?rest_route=%2Fwp%2Fv2%2Ftags&post=12564"}],"curies":[{"name":"wp","href":"https:\/\/api.w.org\/{rel}","templated":true}]}}